{"id":17828,"date":"2020-08-06T19:57:00","date_gmt":"2020-08-06T19:57:00","guid":{"rendered":"https:\/\/blogdorogeriogomes.com.br\/?p=17828"},"modified":"2020-08-07T20:23:08","modified_gmt":"2020-08-07T20:23:08","slug":"deputados-estaduais-do-ceara-aprovam-valores-de-multa-para-quem-desrespeitar-o-uso-de-mascaras-durante-a-pandemia","status":"publish","type":"post","link":"https:\/\/blogdorogeriogomes.com.br\/noticias\/2020\/08\/deputados-estaduais-do-ceara-aprovam-valores-de-multa-para-quem-desrespeitar-o-uso-de-mascaras-durante-a-pandemia\/","title":{"rendered":"Deputados estaduais do Cear\u00e1 aprovam valores de multa para quem desrespeitar o uso de m\u00e1scaras durante a pandemia"},"content":{"rendered":"\n<p>Os deputados estaduais aprovaram os valores das multas para quem desrespeitar o uso de m\u00e1scaras em locais p\u00fablicos, durante a pandemia do novo coronav\u00edrus. Nesta quinta-feira, dia 6 de agosto, eles regulamentaram o projeto de lei que j\u00e1 tinha sido aprovado na Casa. Ele tamb\u00e9m prev\u00ea multa para os estabelecimentos que n\u00e3o adotarem medidas de distanciamento social na parte interna e externa. O valor varia de R$ 359&nbsp;a at\u00e9 R$ 1 mil por frequentador sem m\u00e1scara. A multa aumenta se houver caso de reincid\u00eancia do estabelecimento na infra\u00e7\u00e3o.<\/p>\n\n\n\n<p>Para quem n\u00e3o usar m\u00e1scara em locais p\u00fablicos ou de uso coletivo no Cear\u00e1,casa multas variam de R$ 100 a R$ 300 para pessoas f\u00edsicas. &#8220;Se a pessoa estiver em local p\u00fablico, tipo mercantil, tipo uma farm\u00e1cia, sem a m\u00e1scara, ela vai ser advertida. Se ela n\u00e3o colocar a m\u00e1scara, ela vai ser multada&#8221;, disse&nbsp;o deputado Walter Cavalcante (MDB), que \u00e9 o autor do projeto na Assembleia Legislativa do Cear\u00e1.<\/p>\n\n\n\n<figure class=\"wp-block-image size-large\"><img loading=\"lazy\" decoding=\"async\" width=\"1024\" height=\"682\" src=\"https:\/\/blogdorogeriogomes.com.br\/wp-content\/uploads\/2020\/08\/WhatsApp-Image-2020-07-30-at-13.09.55-1024x682.jpeg\" alt=\"\" class=\"wp-image-17829\" srcset=\"https:\/\/blogdorogeriogomes.com.br\/noticias\/wp-content\/uploads\/2020\/08\/WhatsApp-Image-2020-07-30-at-13.09.55-1024x682.jpeg 1024w, https:\/\/blogdorogeriogomes.com.br\/noticias\/wp-content\/uploads\/2020\/08\/WhatsApp-Image-2020-07-30-at-13.09.55-300x200.jpeg 300w, https:\/\/blogdorogeriogomes.com.br\/noticias\/wp-content\/uploads\/2020\/08\/WhatsApp-Image-2020-07-30-at-13.09.55-768x512.jpeg 768w, https:\/\/blogdorogeriogomes.com.br\/noticias\/wp-content\/uploads\/2020\/08\/WhatsApp-Image-2020-07-30-at-13.09.55-800x533.jpeg 800w, https:\/\/blogdorogeriogomes.com.br\/noticias\/wp-content\/uploads\/2020\/08\/WhatsApp-Image-2020-07-30-at-13.09.55.jpeg 1280w\" sizes=\"auto, (max-width: 1024px) 100vw, 1024px\" \/><\/figure>\n","protected":false},"excerpt":{"rendered":"<p>Os deputados estaduais aprovaram os valores das multas para quem desrespeitar o uso de m\u00e1scaras em locais p\u00fablicos, durante a pandemia do novo coronav\u00edrus. Nesta quinta-feira, dia 6 de agosto, eles regulamentaram o projeto de lei que j\u00e1 tinha sido aprovado na Casa. Ele tamb\u00e9m prev\u00ea multa para os estabelecimentos que n\u00e3o adotarem medidas de distanciamento social na parte interna e externa. O valor varia de R$ 359&nbsp;a at\u00e9 R$ 1 mil por frequentador sem m\u00e1scara. A multa aumenta&hellip;<\/p>\n","protected":false},"author":1,"featured_media":17829,"comment_status":"open","ping_status":"open","sticky":false,"template":"","format":"standard","meta":{"footnotes":""},"categories":[1],"tags":[],"class_list":["post-17828","post","type-post","status-publish","format-standard","has-post-thumbnail","hentry","category-noticias"],"_links":{"self":[{"href":"https:\/\/blogdorogeriogomes.com.br\/noticias\/wp-json\/wp\/v2\/posts\/17828","targetHints":{"allow":["GET"]}}],"collection":[{"href":"https:\/\/blogdorogeriogomes.com.br\/noticias\/wp-json\/wp\/v2\/posts"}],"about":[{"href":"https:\/\/blogdorogeriogomes.com.br\/noticias\/wp-json\/wp\/v2\/types\/post"}],"author":[{"embeddable":true,"href":"https:\/\/blogdorogeriogomes.com.br\/noticias\/wp-json\/wp\/v2\/users\/1"}],"replies":[{"embeddable":true,"href":"https:\/\/blogdorogeriogomes.com.br\/noticias\/wp-json\/wp\/v2\/comments?post=17828"}],"version-history":[{"count":2,"href":"https:\/\/blogdorogeriogomes.com.br\/noticias\/wp-json\/wp\/v2\/posts\/17828\/revisions"}],"predecessor-version":[{"id":17841,"href":"https:\/\/blogdorogeriogomes.com.br\/noticias\/wp-json\/wp\/v2\/posts\/17828\/revisions\/17841"}],"wp:featuredmedia":[{"embeddable":true,"href":"https:\/\/blogdorogeriogomes.com.br\/noticias\/wp-json\/wp\/v2\/media\/17829"}],"wp:attachment":[{"href":"https:\/\/blogdorogeriogomes.com.br\/noticias\/wp-json\/wp\/v2\/media?parent=17828"}],"wp:term":[{"taxonomy":"category","embeddable":true,"href":"https:\/\/blogdorogeriogomes.com.br\/noticias\/wp-json\/wp\/v2\/categories?post=17828"},{"taxonomy":"post_tag","embeddable":true,"href":"https:\/\/blogdorogeriogomes.com.br\/noticias\/wp-json\/wp\/v2\/tags?post=17828"}],"curies":[{"name":"wp","href":"https:\/\/api.w.org\/{rel}","templated":true}]}}