{"id":17834,"date":"2020-08-07T09:21:10","date_gmt":"2020-08-07T09:21:10","guid":{"rendered":"https:\/\/blogdorogeriogomes.com.br\/?p=17834"},"modified":"2020-08-07T20:22:36","modified_gmt":"2020-08-07T20:22:36","slug":"ceara-tambem-tem-sido-alvo-de-queimadas-sobral-e-iguatu-lideram-as-ocorrencias","status":"publish","type":"post","link":"https:\/\/blogdorogeriogomes.com.br\/noticias\/2020\/08\/ceara-tambem-tem-sido-alvo-de-queimadas-sobral-e-iguatu-lideram-as-ocorrencias\/","title":{"rendered":"Cear\u00e1 tamb\u00e9m tem sido alvo de queimadas. Sobral e Iguatu lideram as ocorr\u00eancias"},"content":{"rendered":"\n<p>O interior do Cear\u00e1 tamb\u00e9m tem sido alvo de queimadas neste segundo semestre do ano. O Estado registrou pelo menos 53 ocorr\u00eancias de inc\u00eandios em Sobral e Iguatu nos cinco primeiros dias de agosto.&nbsp;Na \u00faltima quarta-feira, dia 5 de agosto, Sobral chegou a ter 15 ocorr\u00eancias. J\u00e1 em Iguatu, foram pelo menos 18 desde o in\u00edcio do m\u00eas, segundo o 4\u00ba Batalh\u00e3o do Corpo de Bombeiros Militares. O total de queimadas somado representa 84% dos focos de inc\u00eandio&nbsp;captados pelo Mapa de Queimadas do Instituto Nacional de Pesquisas Espaciais (Inpe), em julho.<\/p>\n\n\n\n<p>De acordo com o Inpe, o \u00faltimo m\u00eas apresentou 63 queimadas, maior n\u00famero desde 2016. O sistema&nbsp;utiliza imagens de sat\u00e9lite de alta resolu\u00e7\u00e3o para detectar os focos de calor. O Corpo de Bombeiros atende ocorr\u00eancias a partir de den\u00fancias pelo n\u00famero 193. <\/p>\n\n\n\n<figure class=\"wp-block-image size-large\"><img loading=\"lazy\" decoding=\"async\" width=\"1024\" height=\"576\" src=\"https:\/\/blogdorogeriogomes.com.br\/wp-content\/uploads\/2020\/08\/Incendios-1024x576.jpeg\" alt=\"\" class=\"wp-image-17835\" srcset=\"https:\/\/blogdorogeriogomes.com.br\/noticias\/wp-content\/uploads\/2020\/08\/Incendios-1024x576.jpeg 1024w, https:\/\/blogdorogeriogomes.com.br\/noticias\/wp-content\/uploads\/2020\/08\/Incendios-300x169.jpeg 300w, https:\/\/blogdorogeriogomes.com.br\/noticias\/wp-content\/uploads\/2020\/08\/Incendios-768x432.jpeg 768w, https:\/\/blogdorogeriogomes.com.br\/noticias\/wp-content\/uploads\/2020\/08\/Incendios-800x450.jpeg 800w, https:\/\/blogdorogeriogomes.com.br\/noticias\/wp-content\/uploads\/2020\/08\/Incendios.jpeg 1152w\" sizes=\"auto, (max-width: 1024px) 100vw, 1024px\" \/><\/figure>\n\n\n\n<p><\/p>\n\n\n\n<p><\/p>\n\n\n\n<p><\/p>\n\n\n\n<p><\/p>\n\n\n\n<p><\/p>\n\n\n\n<p><\/p>\n\n\n\n<p><\/p>\n\n\n\n<p><\/p>\n\n\n\n<p><\/p>\n\n\n\n<p><\/p>\n\n\n\n<p><\/p>\n\n\n\n<p><\/p>\n\n\n\n<p><\/p>\n\n\n\n<p><\/p>\n\n\n\n<p><\/p>\n\n\n\n<p><br><\/p>\n\n\n\n<p><\/p>\n\n\n\n<p><\/p>\n\n\n\n<p><\/p>\n\n\n\n<p><\/p>\n\n\n\n<p><\/p>\n\n\n\n<p><\/p>\n\n\n\n<p><\/p>\n\n\n\n<p><\/p>\n\n\n\n<p><\/p>\n\n\n\n<p><\/p>\n\n\n\n<p><\/p>\n\n\n\n<p><\/p>\n\n\n\n<p><\/p>\n","protected":false},"excerpt":{"rendered":"<p>O interior do Cear\u00e1 tamb\u00e9m tem sido alvo de queimadas neste segundo semestre do ano. O Estado registrou pelo menos 53 ocorr\u00eancias de inc\u00eandios em Sobral e Iguatu nos cinco primeiros dias de agosto.&nbsp;Na \u00faltima quarta-feira, dia 5 de agosto, Sobral chegou a ter 15 ocorr\u00eancias. J\u00e1 em Iguatu, foram pelo menos 18 desde o in\u00edcio do m\u00eas, segundo o 4\u00ba Batalh\u00e3o do Corpo de Bombeiros Militares. O total de queimadas somado representa 84% dos focos de inc\u00eandio&nbsp;captados pelo&hellip;<\/p>\n","protected":false},"author":1,"featured_media":17835,"comment_status":"open","ping_status":"open","sticky":false,"template":"","format":"standard","meta":{"footnotes":""},"categories":[1],"tags":[],"class_list":["post-17834","post","type-post","status-publish","format-standard","has-post-thumbnail","hentry","category-noticias"],"_links":{"self":[{"href":"https:\/\/blogdorogeriogomes.com.br\/noticias\/wp-json\/wp\/v2\/posts\/17834","targetHints":{"allow":["GET"]}}],"collection":[{"href":"https:\/\/blogdorogeriogomes.com.br\/noticias\/wp-json\/wp\/v2\/posts"}],"about":[{"href":"https:\/\/blogdorogeriogomes.com.br\/noticias\/wp-json\/wp\/v2\/types\/post"}],"author":[{"embeddable":true,"href":"https:\/\/blogdorogeriogomes.com.br\/noticias\/wp-json\/wp\/v2\/users\/1"}],"replies":[{"embeddable":true,"href":"https:\/\/blogdorogeriogomes.com.br\/noticias\/wp-json\/wp\/v2\/comments?post=17834"}],"version-history":[{"count":2,"href":"https:\/\/blogdorogeriogomes.com.br\/noticias\/wp-json\/wp\/v2\/posts\/17834\/revisions"}],"predecessor-version":[{"id":17840,"href":"https:\/\/blogdorogeriogomes.com.br\/noticias\/wp-json\/wp\/v2\/posts\/17834\/revisions\/17840"}],"wp:featuredmedia":[{"embeddable":true,"href":"https:\/\/blogdorogeriogomes.com.br\/noticias\/wp-json\/wp\/v2\/media\/17835"}],"wp:attachment":[{"href":"https:\/\/blogdorogeriogomes.com.br\/noticias\/wp-json\/wp\/v2\/media?parent=17834"}],"wp:term":[{"taxonomy":"category","embeddable":true,"href":"https:\/\/blogdorogeriogomes.com.br\/noticias\/wp-json\/wp\/v2\/categories?post=17834"},{"taxonomy":"post_tag","embeddable":true,"href":"https:\/\/blogdorogeriogomes.com.br\/noticias\/wp-json\/wp\/v2\/tags?post=17834"}],"curies":[{"name":"wp","href":"https:\/\/api.w.org\/{rel}","templated":true}]}}