{"id":17837,"date":"2020-08-07T10:06:31","date_gmt":"2020-08-07T10:06:31","guid":{"rendered":"https:\/\/blogdorogeriogomes.com.br\/?p=17837"},"modified":"2020-08-07T20:22:13","modified_gmt":"2020-08-07T20:22:13","slug":"troca-de-farpas-e-debates-sobre-propostas-marcam-inicio-da-disputa-eleitoral-em-fortaleza","status":"publish","type":"post","link":"https:\/\/blogdorogeriogomes.com.br\/noticias\/2020\/08\/troca-de-farpas-e-debates-sobre-propostas-marcam-inicio-da-disputa-eleitoral-em-fortaleza\/","title":{"rendered":"Troca de farpas e debates sobre propostas marcam in\u00edcio da disputa eleitoral em Fortaleza"},"content":{"rendered":"\n<p>A campanha pol\u00edtica em Fortaleza estava morna, mas ganha novos contornos com pr\u00e9 candidatos tentando esquentar o debate quanto a sucess\u00e3o municipal. O pr\u00e9 candidato de oposi\u00e7\u00e3o a atual gest\u00e3o Capit\u00e3o Wagner Souza resolveu fazer elogios \u00e0 administra\u00e7\u00e3o do prefeito Roberto Cl\u00e1udio quanto aos investimentos em mobilidade urbana e urbanismo. Mas criticou o prefeito quanto aos gastos p\u00fablicos e os investimentos em sa\u00fade.<\/p>\n\n\n\n<p>Roberto Cl\u00e1udio se defendeu das cr\u00edticas de Wagner ao ressaltar, por exemplo, os investimentos feitos pelo Munic\u00edpio durante a pandemia do coronav\u00edrus, quando a Prefeitura viabilizou a cria\u00e7\u00e3o de mais de 700 leitos novos para atender aos pacientes infectados pela pandemia. RC aproveitou tamb\u00e9m para alfinetar o pr\u00e9 candidato do Pros pelo fato do Capit\u00e3o Wagner j\u00e1 estar h\u00e1 quatro anos mostrando pretens\u00f5es de concorrer novamente ao Pa\u00e7o Municipal e n\u00e3o ter &#8220;um projeto concreto para a cidade&#8221;.<\/p>\n\n\n\n<p>Os pr\u00e9 candidatos do PDT, Jos\u00e9 Sarto, Idilvan Alencar, Samuel Dias, Ferr\u00facio Feitosa e Salmito Filho t\u00eam feito debates semanais pela internet para discutir propostas para a Capital.<\/p>\n\n\n\n<p>A pr\u00e9 candidata do PT para a Prefeitura de Fortaleza, Luizianne Lins, tamb\u00e9m resolveu aderir \u00e0s redes sociais para mostrar suas propostas para a Capital. Nesta quinta-feira, dia 6 de agosto, ela apresentou o seu plano de governo para os internautas.<\/p>\n\n\n\n<figure class=\"wp-block-image size-large\"><img loading=\"lazy\" decoding=\"async\" width=\"600\" height=\"450\" src=\"https:\/\/blogdorogeriogomes.com.br\/wp-content\/uploads\/2020\/08\/images-5.jpeg\" alt=\"\" class=\"wp-image-17838\" srcset=\"https:\/\/blogdorogeriogomes.com.br\/noticias\/wp-content\/uploads\/2020\/08\/images-5.jpeg 600w, https:\/\/blogdorogeriogomes.com.br\/noticias\/wp-content\/uploads\/2020\/08\/images-5-300x225.jpeg 300w, https:\/\/blogdorogeriogomes.com.br\/noticias\/wp-content\/uploads\/2020\/08\/images-5-400x300.jpeg 400w\" sizes=\"auto, (max-width: 600px) 100vw, 600px\" \/><\/figure>\n","protected":false},"excerpt":{"rendered":"<p>A campanha pol\u00edtica em Fortaleza estava morna, mas ganha novos contornos com pr\u00e9 candidatos tentando esquentar o debate quanto a sucess\u00e3o municipal. O pr\u00e9 candidato de oposi\u00e7\u00e3o a atual gest\u00e3o Capit\u00e3o Wagner Souza resolveu fazer elogios \u00e0 administra\u00e7\u00e3o do prefeito Roberto Cl\u00e1udio quanto aos investimentos em mobilidade urbana e urbanismo. Mas criticou o prefeito quanto aos gastos p\u00fablicos e os investimentos em sa\u00fade. Roberto Cl\u00e1udio se defendeu das cr\u00edticas de Wagner ao ressaltar, por exemplo, os investimentos feitos pelo&hellip;<\/p>\n","protected":false},"author":1,"featured_media":17838,"comment_status":"open","ping_status":"open","sticky":false,"template":"","format":"standard","meta":{"footnotes":""},"categories":[1],"tags":[],"class_list":["post-17837","post","type-post","status-publish","format-standard","has-post-thumbnail","hentry","category-noticias"],"_links":{"self":[{"href":"https:\/\/blogdorogeriogomes.com.br\/noticias\/wp-json\/wp\/v2\/posts\/17837","targetHints":{"allow":["GET"]}}],"collection":[{"href":"https:\/\/blogdorogeriogomes.com.br\/noticias\/wp-json\/wp\/v2\/posts"}],"about":[{"href":"https:\/\/blogdorogeriogomes.com.br\/noticias\/wp-json\/wp\/v2\/types\/post"}],"author":[{"embeddable":true,"href":"https:\/\/blogdorogeriogomes.com.br\/noticias\/wp-json\/wp\/v2\/users\/1"}],"replies":[{"embeddable":true,"href":"https:\/\/blogdorogeriogomes.com.br\/noticias\/wp-json\/wp\/v2\/comments?post=17837"}],"version-history":[{"count":1,"href":"https:\/\/blogdorogeriogomes.com.br\/noticias\/wp-json\/wp\/v2\/posts\/17837\/revisions"}],"predecessor-version":[{"id":17839,"href":"https:\/\/blogdorogeriogomes.com.br\/noticias\/wp-json\/wp\/v2\/posts\/17837\/revisions\/17839"}],"wp:featuredmedia":[{"embeddable":true,"href":"https:\/\/blogdorogeriogomes.com.br\/noticias\/wp-json\/wp\/v2\/media\/17838"}],"wp:attachment":[{"href":"https:\/\/blogdorogeriogomes.com.br\/noticias\/wp-json\/wp\/v2\/media?parent=17837"}],"wp:term":[{"taxonomy":"category","embeddable":true,"href":"https:\/\/blogdorogeriogomes.com.br\/noticias\/wp-json\/wp\/v2\/categories?post=17837"},{"taxonomy":"post_tag","embeddable":true,"href":"https:\/\/blogdorogeriogomes.com.br\/noticias\/wp-json\/wp\/v2\/tags?post=17837"}],"curies":[{"name":"wp","href":"https:\/\/api.w.org\/{rel}","templated":true}]}}