{"id":17842,"date":"2020-08-08T11:25:54","date_gmt":"2020-08-08T11:25:54","guid":{"rendered":"https:\/\/blogdorogeriogomes.com.br\/?p=17842"},"modified":"2020-08-10T21:06:59","modified_gmt":"2020-08-10T21:06:59","slug":"bares-cinemas-e-escolas-no-ceara-continuam-sem-funcionar-no-proximo-decreto-governamental","status":"publish","type":"post","link":"https:\/\/blogdorogeriogomes.com.br\/noticias\/2020\/08\/bares-cinemas-e-escolas-no-ceara-continuam-sem-funcionar-no-proximo-decreto-governamental\/","title":{"rendered":"Bares, cinemas e escolas no Cear\u00e1 continuam sem funcionar no pr\u00f3ximo decreto governamental"},"content":{"rendered":"\n<p>Bares, cinemas e escolas privadas e escolas com aulas presenciais continuam sem funcionar em Fortaleza no pr\u00f3ximo decreto governamental, que entra em vigor na pr\u00f3xima segunda-feira, dia 10 de agosto. A informa\u00e7\u00e3o foi confirmada pelo governador do Cear\u00e1, Camilo Santana. As macrorregi\u00f5es de sa\u00fade no Estado permanecem nas atuais fases da reabertura. Fortaleza e munic\u00edpios da macrorregi\u00e3o da Regi\u00e3o Metropolitana seguem na fase 4; macrorregi\u00f5es do Sert\u00e3o Central e Litoral Leste\/Jaguaribe e Norte na fase 2 e macrorregi\u00e3o do Cariri na primeira etapa.<\/p>\n\n\n\n<p>&#8220;Nossas equipes seguem fazendo avalia\u00e7\u00f5es e mantendo contato com setores ainda n\u00e3o autorizados ao funcionamento, como eventos, bares e cinemas, analisando caso a caso, para que as decis\u00f5es sejam tomadas de forma segura&#8221;, afirmou Camilo Santana.<\/p>\n\n\n\n<p>Nesta sexta-feira, dia 7 de agosto, m\u00fasicos e artistas ligados ao setor cultural se manifestaram em frente ao Pa\u00e7o Municipal, em Fortaleza, pedindo a libera\u00e7\u00e3o de recursos de socorro emergencial pela Lei Aldir Blanc, aprovada no Congresso Nacional, e o retorno das atividades culturais presenciais na Capital cearense.<\/p>\n\n\n\n<figure class=\"wp-block-image size-large\"><img loading=\"lazy\" decoding=\"async\" width=\"679\" height=\"451\" src=\"https:\/\/blogdorogeriogomes.com.br\/wp-content\/uploads\/2020\/08\/images-6.jpeg\" alt=\"\" class=\"wp-image-17843\" srcset=\"https:\/\/blogdorogeriogomes.com.br\/noticias\/wp-content\/uploads\/2020\/08\/images-6.jpeg 679w, https:\/\/blogdorogeriogomes.com.br\/noticias\/wp-content\/uploads\/2020\/08\/images-6-300x199.jpeg 300w\" sizes=\"auto, (max-width: 679px) 100vw, 679px\" \/><\/figure>\n","protected":false},"excerpt":{"rendered":"<p>Bares, cinemas e escolas privadas e escolas com aulas presenciais continuam sem funcionar em Fortaleza no pr\u00f3ximo decreto governamental, que entra em vigor na pr\u00f3xima segunda-feira, dia 10 de agosto. A informa\u00e7\u00e3o foi confirmada pelo governador do Cear\u00e1, Camilo Santana. As macrorregi\u00f5es de sa\u00fade no Estado permanecem nas atuais fases da reabertura. Fortaleza e munic\u00edpios da macrorregi\u00e3o da Regi\u00e3o Metropolitana seguem na fase 4; macrorregi\u00f5es do Sert\u00e3o Central e Litoral Leste\/Jaguaribe e Norte na fase 2 e macrorregi\u00e3o do&hellip;<\/p>\n","protected":false},"author":1,"featured_media":17843,"comment_status":"open","ping_status":"open","sticky":false,"template":"","format":"standard","meta":{"footnotes":""},"categories":[1],"tags":[],"class_list":["post-17842","post","type-post","status-publish","format-standard","has-post-thumbnail","hentry","category-noticias"],"_links":{"self":[{"href":"https:\/\/blogdorogeriogomes.com.br\/noticias\/wp-json\/wp\/v2\/posts\/17842","targetHints":{"allow":["GET"]}}],"collection":[{"href":"https:\/\/blogdorogeriogomes.com.br\/noticias\/wp-json\/wp\/v2\/posts"}],"about":[{"href":"https:\/\/blogdorogeriogomes.com.br\/noticias\/wp-json\/wp\/v2\/types\/post"}],"author":[{"embeddable":true,"href":"https:\/\/blogdorogeriogomes.com.br\/noticias\/wp-json\/wp\/v2\/users\/1"}],"replies":[{"embeddable":true,"href":"https:\/\/blogdorogeriogomes.com.br\/noticias\/wp-json\/wp\/v2\/comments?post=17842"}],"version-history":[{"count":1,"href":"https:\/\/blogdorogeriogomes.com.br\/noticias\/wp-json\/wp\/v2\/posts\/17842\/revisions"}],"predecessor-version":[{"id":17844,"href":"https:\/\/blogdorogeriogomes.com.br\/noticias\/wp-json\/wp\/v2\/posts\/17842\/revisions\/17844"}],"wp:featuredmedia":[{"embeddable":true,"href":"https:\/\/blogdorogeriogomes.com.br\/noticias\/wp-json\/wp\/v2\/media\/17843"}],"wp:attachment":[{"href":"https:\/\/blogdorogeriogomes.com.br\/noticias\/wp-json\/wp\/v2\/media?parent=17842"}],"wp:term":[{"taxonomy":"category","embeddable":true,"href":"https:\/\/blogdorogeriogomes.com.br\/noticias\/wp-json\/wp\/v2\/categories?post=17842"},{"taxonomy":"post_tag","embeddable":true,"href":"https:\/\/blogdorogeriogomes.com.br\/noticias\/wp-json\/wp\/v2\/tags?post=17842"}],"curies":[{"name":"wp","href":"https:\/\/api.w.org\/{rel}","templated":true}]}}