{"id":17845,"date":"2020-08-08T13:41:18","date_gmt":"2020-08-08T13:41:18","guid":{"rendered":"https:\/\/blogdorogeriogomes.com.br\/?p=17845"},"modified":"2020-08-10T21:06:37","modified_gmt":"2020-08-10T21:06:37","slug":"brasil-atingira-100-mil-mortes-por-covid-19-neste-fim-de-semana-oms-alerta-que-o-pais-lidera-numero-de-obitos-pela-pandemia-no-mundo","status":"publish","type":"post","link":"https:\/\/blogdorogeriogomes.com.br\/noticias\/2020\/08\/brasil-atingira-100-mil-mortes-por-covid-19-neste-fim-de-semana-oms-alerta-que-o-pais-lidera-numero-de-obitos-pela-pandemia-no-mundo\/","title":{"rendered":"Brasil atingir\u00e1 100 mil mortes por Covid-19 neste fim de semana. OMS alerta que o Pa\u00eds lidera n\u00famero de \u00f3bitos pela pandemia no mundo"},"content":{"rendered":"\n<p>O Brasil vai superar a marca de 100 mil mortos por Covid-19 neste fim de semana. At\u00e9 este s\u00e1bado, dia 8 de agosto, s\u00e3o 99.743 \u00f3bitos por coronav\u00edrus confirmados, segundo levantamento do cons\u00f3rcio de ve\u00edculos de imprensa a partir de dados das secretarias estaduais de Sa\u00fade. S\u00e3o 2.967.634 casos diagnosticados de Covid-19 no Pa\u00eds.<\/p>\n\n\n\n<p>O Cear\u00e1 \u00e9 ainda um dos 12 estados brasileiros que registram queda no n\u00famero de casos e de mortes por coronav\u00edrus. Fortaleza tem menos de 10 mortes di\u00e1rias por Covid-19 nas duas \u00faltimas semanas. A m\u00e9dia m\u00f3vel de \u00f3bitos em decorr\u00eancia da pandemia na Capital \u00e9 a menor registrada desde que ocorreu o primeira morte pela doen\u00e7a no Munic\u00edpio no fim do m\u00eas de mar\u00e7o passado.<\/p>\n\n\n\n<p>O relat\u00f3rio da Organiza\u00e7\u00e3o Mundial da Sa\u00fade (OMS) diz que o n\u00famero de mortes causadas pelo novo coronav\u00edrus ao redor do mundo subiu para 709.511. Segundo a organiza\u00e7\u00e3o internacional, o Brasil lidera o ranking mundial de novos \u00f3bitos pelo segundo dia consecutivo. &nbsp;Brasil (1.437), Estados Unidos (1.307) e \u00cdndia (886) foram os que registraram o maior n\u00famero de novas mortes. A situa\u00e7\u00e3o no Pa\u00eds ainda preocupa e muito, apesar de um certo descaso do Minist\u00e9rio da Sa\u00fade que ainda continua com um militar interino no comando.<\/p>\n\n\n\n<figure class=\"wp-block-image size-large\"><img loading=\"lazy\" decoding=\"async\" width=\"450\" height=\"337\" src=\"https:\/\/blogdorogeriogomes.com.br\/wp-content\/uploads\/2020\/08\/images-7-1.jpeg\" alt=\"\" class=\"wp-image-17846\" srcset=\"https:\/\/blogdorogeriogomes.com.br\/noticias\/wp-content\/uploads\/2020\/08\/images-7-1.jpeg 450w, https:\/\/blogdorogeriogomes.com.br\/noticias\/wp-content\/uploads\/2020\/08\/images-7-1-300x225.jpeg 300w, https:\/\/blogdorogeriogomes.com.br\/noticias\/wp-content\/uploads\/2020\/08\/images-7-1-400x300.jpeg 400w\" sizes=\"auto, (max-width: 450px) 100vw, 450px\" \/><\/figure>\n\n\n\n<h2 class=\"wp-block-heading\"><\/h2>\n\n\n\n<p><\/p>\n","protected":false},"excerpt":{"rendered":"<p>O Brasil vai superar a marca de 100 mil mortos por Covid-19 neste fim de semana. At\u00e9 este s\u00e1bado, dia 8 de agosto, s\u00e3o 99.743 \u00f3bitos por coronav\u00edrus confirmados, segundo levantamento do cons\u00f3rcio de ve\u00edculos de imprensa a partir de dados das secretarias estaduais de Sa\u00fade. S\u00e3o 2.967.634 casos diagnosticados de Covid-19 no Pa\u00eds. O Cear\u00e1 \u00e9 ainda um dos 12 estados brasileiros que registram queda no n\u00famero de casos e de mortes por coronav\u00edrus. Fortaleza tem menos de&hellip;<\/p>\n","protected":false},"author":1,"featured_media":17846,"comment_status":"open","ping_status":"open","sticky":false,"template":"","format":"standard","meta":{"footnotes":""},"categories":[1],"tags":[],"class_list":["post-17845","post","type-post","status-publish","format-standard","has-post-thumbnail","hentry","category-noticias"],"_links":{"self":[{"href":"https:\/\/blogdorogeriogomes.com.br\/noticias\/wp-json\/wp\/v2\/posts\/17845","targetHints":{"allow":["GET"]}}],"collection":[{"href":"https:\/\/blogdorogeriogomes.com.br\/noticias\/wp-json\/wp\/v2\/posts"}],"about":[{"href":"https:\/\/blogdorogeriogomes.com.br\/noticias\/wp-json\/wp\/v2\/types\/post"}],"author":[{"embeddable":true,"href":"https:\/\/blogdorogeriogomes.com.br\/noticias\/wp-json\/wp\/v2\/users\/1"}],"replies":[{"embeddable":true,"href":"https:\/\/blogdorogeriogomes.com.br\/noticias\/wp-json\/wp\/v2\/comments?post=17845"}],"version-history":[{"count":2,"href":"https:\/\/blogdorogeriogomes.com.br\/noticias\/wp-json\/wp\/v2\/posts\/17845\/revisions"}],"predecessor-version":[{"id":17859,"href":"https:\/\/blogdorogeriogomes.com.br\/noticias\/wp-json\/wp\/v2\/posts\/17845\/revisions\/17859"}],"wp:featuredmedia":[{"embeddable":true,"href":"https:\/\/blogdorogeriogomes.com.br\/noticias\/wp-json\/wp\/v2\/media\/17846"}],"wp:attachment":[{"href":"https:\/\/blogdorogeriogomes.com.br\/noticias\/wp-json\/wp\/v2\/media?parent=17845"}],"wp:term":[{"taxonomy":"category","embeddable":true,"href":"https:\/\/blogdorogeriogomes.com.br\/noticias\/wp-json\/wp\/v2\/categories?post=17845"},{"taxonomy":"post_tag","embeddable":true,"href":"https:\/\/blogdorogeriogomes.com.br\/noticias\/wp-json\/wp\/v2\/tags?post=17845"}],"curies":[{"name":"wp","href":"https:\/\/api.w.org\/{rel}","templated":true}]}}