{"id":17848,"date":"2020-08-10T09:38:51","date_gmt":"2020-08-10T09:38:51","guid":{"rendered":"https:\/\/blogdorogeriogomes.com.br\/?p=17848"},"modified":"2020-08-10T21:06:27","modified_gmt":"2020-08-10T21:06:27","slug":"ministro-do-stf-gilmar-mendes-quer-colocar-em-pauta-a-suspeicao-de-sergio-moro-ainda-neste-semestre","status":"publish","type":"post","link":"https:\/\/blogdorogeriogomes.com.br\/noticias\/2020\/08\/ministro-do-stf-gilmar-mendes-quer-colocar-em-pauta-a-suspeicao-de-sergio-moro-ainda-neste-semestre\/","title":{"rendered":"Ministro do STF, Gilmar Mendes, quer colocar em pauta a suspei\u00e7\u00e3o de Sergio Moro ainda neste semestre"},"content":{"rendered":"\n<p>Cresce a expectativa pelo julgamento da suspei\u00e7\u00e3o do ex-ministro e ex-juiz Sergio Moro no STF por sua atua\u00e7\u00e3o em processos da Lava Jato contra o ex-presidente Lula. O ministro Gilmar Mendes do STF quer pautar &#8220;assim que poss\u00edvel&#8221; o processo de suspei\u00e7\u00e3o de &nbsp;Sergio Moro. Gilmar Mendes pretende levar o caso \u00e0 Segunda Turma do Supremo a tempo de ser computado o voto do decano da Corte, Celso de Mello, que est\u00e1 perto da aposentadoria compuls\u00f3ria por idade. Ele completar\u00e1 75 anos em 1\u00ba de novembro.<\/p>\n\n\n\n<p>Como presidente da Segunda Turma do tribunal, cabe a Gilmar a decis\u00e3o quanto a pautar ou n\u00e3o o processo de suspei\u00e7\u00e3o de Moro. Como o cen\u00e1rio do pa\u00eds em rela\u00e7\u00e3o \u00e0 epidemia do coronav\u00edrus \u00e9 de incerteza, n\u00e3o h\u00e1 uma previs\u00e3o sobre quando ser\u00e1 poss\u00edvel retomar as audi\u00eancias presenciais. A vota\u00e7\u00e3o pode, no entanto, acontecer de forma remota. A Segunda Turma \u00e9 composta pelos ministros C\u00e1rmen L\u00facia, Celso de Mello, Gilmar Mendes, Ricardo Lewandowski e Edson Fachin.<\/p>\n\n\n\n<figure class=\"wp-block-image size-large\"><img loading=\"lazy\" decoding=\"async\" width=\"700\" height=\"438\" src=\"https:\/\/blogdorogeriogomes.com.br\/wp-content\/uploads\/2020\/08\/images-9.jpeg\" alt=\"\" class=\"wp-image-17849\" srcset=\"https:\/\/blogdorogeriogomes.com.br\/noticias\/wp-content\/uploads\/2020\/08\/images-9.jpeg 700w, https:\/\/blogdorogeriogomes.com.br\/noticias\/wp-content\/uploads\/2020\/08\/images-9-300x188.jpeg 300w\" sizes=\"auto, (max-width: 700px) 100vw, 700px\" \/><\/figure>\n","protected":false},"excerpt":{"rendered":"<p>Cresce a expectativa pelo julgamento da suspei\u00e7\u00e3o do ex-ministro e ex-juiz Sergio Moro no STF por sua atua\u00e7\u00e3o em processos da Lava Jato contra o ex-presidente Lula. O ministro Gilmar Mendes do STF quer pautar &#8220;assim que poss\u00edvel&#8221; o processo de suspei\u00e7\u00e3o de &nbsp;Sergio Moro. Gilmar Mendes pretende levar o caso \u00e0 Segunda Turma do Supremo a tempo de ser computado o voto do decano da Corte, Celso de Mello, que est\u00e1 perto da aposentadoria compuls\u00f3ria por idade. Ele&hellip;<\/p>\n","protected":false},"author":1,"featured_media":17849,"comment_status":"open","ping_status":"open","sticky":false,"template":"","format":"standard","meta":{"footnotes":""},"categories":[1],"tags":[],"class_list":["post-17848","post","type-post","status-publish","format-standard","has-post-thumbnail","hentry","category-noticias"],"_links":{"self":[{"href":"https:\/\/blogdorogeriogomes.com.br\/noticias\/wp-json\/wp\/v2\/posts\/17848","targetHints":{"allow":["GET"]}}],"collection":[{"href":"https:\/\/blogdorogeriogomes.com.br\/noticias\/wp-json\/wp\/v2\/posts"}],"about":[{"href":"https:\/\/blogdorogeriogomes.com.br\/noticias\/wp-json\/wp\/v2\/types\/post"}],"author":[{"embeddable":true,"href":"https:\/\/blogdorogeriogomes.com.br\/noticias\/wp-json\/wp\/v2\/users\/1"}],"replies":[{"embeddable":true,"href":"https:\/\/blogdorogeriogomes.com.br\/noticias\/wp-json\/wp\/v2\/comments?post=17848"}],"version-history":[{"count":2,"href":"https:\/\/blogdorogeriogomes.com.br\/noticias\/wp-json\/wp\/v2\/posts\/17848\/revisions"}],"predecessor-version":[{"id":17858,"href":"https:\/\/blogdorogeriogomes.com.br\/noticias\/wp-json\/wp\/v2\/posts\/17848\/revisions\/17858"}],"wp:featuredmedia":[{"embeddable":true,"href":"https:\/\/blogdorogeriogomes.com.br\/noticias\/wp-json\/wp\/v2\/media\/17849"}],"wp:attachment":[{"href":"https:\/\/blogdorogeriogomes.com.br\/noticias\/wp-json\/wp\/v2\/media?parent=17848"}],"wp:term":[{"taxonomy":"category","embeddable":true,"href":"https:\/\/blogdorogeriogomes.com.br\/noticias\/wp-json\/wp\/v2\/categories?post=17848"},{"taxonomy":"post_tag","embeddable":true,"href":"https:\/\/blogdorogeriogomes.com.br\/noticias\/wp-json\/wp\/v2\/tags?post=17848"}],"curies":[{"name":"wp","href":"https:\/\/api.w.org\/{rel}","templated":true}]}}