{"id":17851,"date":"2020-08-10T10:02:49","date_gmt":"2020-08-10T10:02:49","guid":{"rendered":"https:\/\/blogdorogeriogomes.com.br\/?p=17851"},"modified":"2020-08-10T21:05:31","modified_gmt":"2020-08-10T21:05:31","slug":"devido-as-aglomeracoes-pm-fez-operacao-de-dispersao-de-pessoas-na-praia-de-iracema-neste-domingo","status":"publish","type":"post","link":"https:\/\/blogdorogeriogomes.com.br\/noticias\/2020\/08\/devido-as-aglomeracoes-pm-fez-operacao-de-dispersao-de-pessoas-na-praia-de-iracema-neste-domingo\/","title":{"rendered":"Devido \u00e0s aglomera\u00e7\u00f5es, PM fez opera\u00e7\u00e3o de dispers\u00e3o de pessoas na Praia de Iracema neste domingo"},"content":{"rendered":"\n<p>Apesar da baixa no n\u00famero de casos e mortes pela Covid-19, as autoridades de sa\u00fade no Cear\u00e1 continuam preocupadas com uma poss\u00edvel segunda onda da pandemia que j\u00e1 atinge outros estados. Por isso, o cumprimento do decreto governamental que define regras de distanciamento social e com o uso obrigat\u00f3rio de m\u00e1scaras vem sendo fiscalizado, inclusive, com opera\u00e7\u00f5es de dispers\u00e3o pela Pol\u00edcia Militar.<\/p>\n\n\n\n<p>Neste domingo \u00e0 noite, dia 9 de agosto, a PM realizou uma opera\u00e7\u00e3o para acabar com aglomera\u00e7\u00f5es de pessoas na faixa de areia e no cal\u00e7ad\u00e3o da Praia de Iracema. At\u00e9 a Cavalaria da PM foi utilizada. A Praia de Iracema tem recebido um grande n\u00famero de pessoas principalmente aos fins de semana, mesmo com as orienta\u00e7\u00f5es de distanciamento social em raz\u00e3o da Covid-19. <\/p>\n\n\n\n<p>Fiscais da Ag\u00eancia de Fiscaliza\u00e7\u00e3o de Fortaleza (Agefis) tamb\u00e9m estiveram na praia para orientar o cumprimento das medidas de preven\u00e7\u00e3o \u00e0 pandemia do coronav\u00edrus previstas nos decretos estaduais e municipais.<\/p>\n\n\n\n<p>O Brasil chegou a 101.049 mortes por Covid-19 neste domingo, segundo n\u00fameros atualizados do Minist\u00e9rio da Sa\u00fade \u00e0s 18h30min. S\u00e3o 572 \u00f3bitos a mais registrados nas \u00faltimas 24 horas. O Pa\u00eds contabiliza 3.035.422 casos de coronav\u00edrus. O Cear\u00e1 chegou a 188.638 casos de coronav\u00edrus confirmados e 7.979 mortes pela doen\u00e7a.<\/p>\n\n\n\n<figure class=\"wp-block-image size-large\"><img loading=\"lazy\" decoding=\"async\" width=\"590\" height=\"443\" src=\"https:\/\/blogdorogeriogomes.com.br\/wp-content\/uploads\/2020\/08\/correria.jpg\" alt=\"\" class=\"wp-image-17852\" srcset=\"https:\/\/blogdorogeriogomes.com.br\/noticias\/wp-content\/uploads\/2020\/08\/correria.jpg 590w, https:\/\/blogdorogeriogomes.com.br\/noticias\/wp-content\/uploads\/2020\/08\/correria-300x225.jpg 300w, https:\/\/blogdorogeriogomes.com.br\/noticias\/wp-content\/uploads\/2020\/08\/correria-400x300.jpg 400w\" sizes=\"auto, (max-width: 590px) 100vw, 590px\" \/><\/figure>\n\n\n\n<p><\/p>\n","protected":false},"excerpt":{"rendered":"<p>Apesar da baixa no n\u00famero de casos e mortes pela Covid-19, as autoridades de sa\u00fade no Cear\u00e1 continuam preocupadas com uma poss\u00edvel segunda onda da pandemia que j\u00e1 atinge outros estados. Por isso, o cumprimento do decreto governamental que define regras de distanciamento social e com o uso obrigat\u00f3rio de m\u00e1scaras vem sendo fiscalizado, inclusive, com opera\u00e7\u00f5es de dispers\u00e3o pela Pol\u00edcia Militar. Neste domingo \u00e0 noite, dia 9 de agosto, a PM realizou uma opera\u00e7\u00e3o para acabar com aglomera\u00e7\u00f5es&hellip;<\/p>\n","protected":false},"author":1,"featured_media":17852,"comment_status":"open","ping_status":"open","sticky":false,"template":"","format":"standard","meta":{"footnotes":""},"categories":[1],"tags":[],"class_list":["post-17851","post","type-post","status-publish","format-standard","has-post-thumbnail","hentry","category-noticias"],"_links":{"self":[{"href":"https:\/\/blogdorogeriogomes.com.br\/noticias\/wp-json\/wp\/v2\/posts\/17851","targetHints":{"allow":["GET"]}}],"collection":[{"href":"https:\/\/blogdorogeriogomes.com.br\/noticias\/wp-json\/wp\/v2\/posts"}],"about":[{"href":"https:\/\/blogdorogeriogomes.com.br\/noticias\/wp-json\/wp\/v2\/types\/post"}],"author":[{"embeddable":true,"href":"https:\/\/blogdorogeriogomes.com.br\/noticias\/wp-json\/wp\/v2\/users\/1"}],"replies":[{"embeddable":true,"href":"https:\/\/blogdorogeriogomes.com.br\/noticias\/wp-json\/wp\/v2\/comments?post=17851"}],"version-history":[{"count":1,"href":"https:\/\/blogdorogeriogomes.com.br\/noticias\/wp-json\/wp\/v2\/posts\/17851\/revisions"}],"predecessor-version":[{"id":17853,"href":"https:\/\/blogdorogeriogomes.com.br\/noticias\/wp-json\/wp\/v2\/posts\/17851\/revisions\/17853"}],"wp:featuredmedia":[{"embeddable":true,"href":"https:\/\/blogdorogeriogomes.com.br\/noticias\/wp-json\/wp\/v2\/media\/17852"}],"wp:attachment":[{"href":"https:\/\/blogdorogeriogomes.com.br\/noticias\/wp-json\/wp\/v2\/media?parent=17851"}],"wp:term":[{"taxonomy":"category","embeddable":true,"href":"https:\/\/blogdorogeriogomes.com.br\/noticias\/wp-json\/wp\/v2\/categories?post=17851"},{"taxonomy":"post_tag","embeddable":true,"href":"https:\/\/blogdorogeriogomes.com.br\/noticias\/wp-json\/wp\/v2\/tags?post=17851"}],"curies":[{"name":"wp","href":"https:\/\/api.w.org\/{rel}","templated":true}]}}