{"id":17854,"date":"2020-08-10T20:39:56","date_gmt":"2020-08-10T20:39:56","guid":{"rendered":"https:\/\/blogdorogeriogomes.com.br\/?p=17854"},"modified":"2020-08-10T21:05:03","modified_gmt":"2020-08-10T21:05:03","slug":"governo-do-ceara-faz-entrega-do-premio-escola-nota-dez-nesta-terca-feira","status":"publish","type":"post","link":"https:\/\/blogdorogeriogomes.com.br\/noticias\/2020\/08\/governo-do-ceara-faz-entrega-do-premio-escola-nota-dez-nesta-terca-feira\/","title":{"rendered":"Governo do Cear\u00e1 faz entrega do Pr\u00eamio Escola Nota Dez nesta ter\u00e7a-feira"},"content":{"rendered":"\n<p>O Governo do Cear\u00e1 realiza, nesta ter\u00e7a-feira, dia 11 de agosto, a entrega do Pr\u00eamio Escola Nota Dez \u00e0s escolas p\u00fablicas cearenses que se destacaram no ano de 2019. Por conta do Decreto de Isolamento Social vigente, o evento deste ano ter\u00e1 apenas transmiss\u00e3o ao vivo pelas redes sociais (Facebook e Instagram).<\/p>\n\n\n\n<p>A solenidade de premia\u00e7\u00e3o contar\u00e1 com a presen\u00e7a do governador Camilo Santana, da vice-governadora Izolda Cela e da secret\u00e1ria da Educa\u00e7\u00e3o, Eliana Estrela. Durante o evento, ser\u00e3o divulgados os resultados do Sistema Permanente de Avalia\u00e7\u00e3o da Educa\u00e7\u00e3o B\u00e1sica do Estado do Cear\u00e1 (Spaece) do ano passado. <\/p>\n\n\n\n<p>O Pr\u00eamio Escola Nota Dez tem o objetivo de reconhecer o esfor\u00e7o em prol da alfabetiza\u00e7\u00e3o logo nos primeiros anos de escolaridade e a continuidade desse trabalho nas s\u00e9ries seguintes.<\/p>\n\n\n\n<figure class=\"wp-block-image size-large\"><img loading=\"lazy\" decoding=\"async\" width=\"1024\" height=\"768\" src=\"https:\/\/blogdorogeriogomes.com.br\/wp-content\/uploads\/2020\/08\/EcQummFWAAEoLvO-1024x768.jpg\" alt=\"\" class=\"wp-image-17855\" srcset=\"https:\/\/blogdorogeriogomes.com.br\/noticias\/wp-content\/uploads\/2020\/08\/EcQummFWAAEoLvO-1024x768.jpg 1024w, https:\/\/blogdorogeriogomes.com.br\/noticias\/wp-content\/uploads\/2020\/08\/EcQummFWAAEoLvO-300x225.jpg 300w, https:\/\/blogdorogeriogomes.com.br\/noticias\/wp-content\/uploads\/2020\/08\/EcQummFWAAEoLvO-768x576.jpg 768w, https:\/\/blogdorogeriogomes.com.br\/noticias\/wp-content\/uploads\/2020\/08\/EcQummFWAAEoLvO-800x600.jpg 800w, https:\/\/blogdorogeriogomes.com.br\/noticias\/wp-content\/uploads\/2020\/08\/EcQummFWAAEoLvO-400x300.jpg 400w, https:\/\/blogdorogeriogomes.com.br\/noticias\/wp-content\/uploads\/2020\/08\/EcQummFWAAEoLvO.jpg 1200w\" sizes=\"auto, (max-width: 1024px) 100vw, 1024px\" \/><\/figure>\n\n\n\n<p><\/p>\n\n\n\n<p><\/p>\n\n\n\n<p><\/p>\n","protected":false},"excerpt":{"rendered":"<p>O Governo do Cear\u00e1 realiza, nesta ter\u00e7a-feira, dia 11 de agosto, a entrega do Pr\u00eamio Escola Nota Dez \u00e0s escolas p\u00fablicas cearenses que se destacaram no ano de 2019. Por conta do Decreto de Isolamento Social vigente, o evento deste ano ter\u00e1 apenas transmiss\u00e3o ao vivo pelas redes sociais (Facebook e Instagram). A solenidade de premia\u00e7\u00e3o contar\u00e1 com a presen\u00e7a do governador Camilo Santana, da vice-governadora Izolda Cela e da secret\u00e1ria da Educa\u00e7\u00e3o, Eliana Estrela. Durante o evento, ser\u00e3o&hellip;<\/p>\n","protected":false},"author":1,"featured_media":17855,"comment_status":"open","ping_status":"open","sticky":false,"template":"","format":"standard","meta":{"footnotes":""},"categories":[1],"tags":[],"class_list":["post-17854","post","type-post","status-publish","format-standard","has-post-thumbnail","hentry","category-noticias"],"_links":{"self":[{"href":"https:\/\/blogdorogeriogomes.com.br\/noticias\/wp-json\/wp\/v2\/posts\/17854","targetHints":{"allow":["GET"]}}],"collection":[{"href":"https:\/\/blogdorogeriogomes.com.br\/noticias\/wp-json\/wp\/v2\/posts"}],"about":[{"href":"https:\/\/blogdorogeriogomes.com.br\/noticias\/wp-json\/wp\/v2\/types\/post"}],"author":[{"embeddable":true,"href":"https:\/\/blogdorogeriogomes.com.br\/noticias\/wp-json\/wp\/v2\/users\/1"}],"replies":[{"embeddable":true,"href":"https:\/\/blogdorogeriogomes.com.br\/noticias\/wp-json\/wp\/v2\/comments?post=17854"}],"version-history":[{"count":1,"href":"https:\/\/blogdorogeriogomes.com.br\/noticias\/wp-json\/wp\/v2\/posts\/17854\/revisions"}],"predecessor-version":[{"id":17856,"href":"https:\/\/blogdorogeriogomes.com.br\/noticias\/wp-json\/wp\/v2\/posts\/17854\/revisions\/17856"}],"wp:featuredmedia":[{"embeddable":true,"href":"https:\/\/blogdorogeriogomes.com.br\/noticias\/wp-json\/wp\/v2\/media\/17855"}],"wp:attachment":[{"href":"https:\/\/blogdorogeriogomes.com.br\/noticias\/wp-json\/wp\/v2\/media?parent=17854"}],"wp:term":[{"taxonomy":"category","embeddable":true,"href":"https:\/\/blogdorogeriogomes.com.br\/noticias\/wp-json\/wp\/v2\/categories?post=17854"},{"taxonomy":"post_tag","embeddable":true,"href":"https:\/\/blogdorogeriogomes.com.br\/noticias\/wp-json\/wp\/v2\/tags?post=17854"}],"curies":[{"name":"wp","href":"https:\/\/api.w.org\/{rel}","templated":true}]}}