{"id":17860,"date":"2020-08-10T23:07:14","date_gmt":"2020-08-10T23:07:14","guid":{"rendered":"https:\/\/blogdorogeriogomes.com.br\/?p=17860"},"modified":"2020-08-14T13:06:03","modified_gmt":"2020-08-14T13:06:03","slug":"prefeito-roberto-claudio-define-calendario-de-entrega-de-obras-para-o-segundo-semestre","status":"publish","type":"post","link":"https:\/\/blogdorogeriogomes.com.br\/noticias\/2020\/08\/prefeito-roberto-claudio-define-calendario-de-entrega-de-obras-para-o-segundo-semestre\/","title":{"rendered":"Prefeito Roberto Cl\u00e1udio define calend\u00e1rio de entrega de obras para o segundo semestre"},"content":{"rendered":"\n<p>O prefeito de Fortaleza, Roberto Cl\u00e1udio coordenou, na tarde desta segunda-feira, dia 10 de agosto, uma reuni\u00e3o com secret\u00e1rios municipais para atualizar o cronograma de obras e investimentos do segundo semestre de 2020. No encontro, realizado no Pa\u00e7o Municipal, foram monitoradas as interven\u00e7\u00f5es previstas e em andamento na&nbsp;sa\u00fade, educa\u00e7\u00e3o, mobilidade, infraestrutura, juventude e prote\u00e7\u00e3o animal. Entre agosto e setembro, Fortaleza contar\u00e1 com, pelo menos, dois novos VetM\u00f3veis.<\/p>\n\n\n\n<p>Em rela\u00e7\u00e3o ao turismo, o Polo da Varjota, relevante territ\u00f3rio gastron\u00f4mico da Capital, deve ser entregue ao longo das pr\u00f3ximas semanas. J\u00e1 a nova Avenida Beira Mar de Fortaleza dever\u00e1 ser conclu\u00edda at\u00e9 outubro deste ano.<\/p>\n\n\n\n<p>A expans\u00e3o da assist\u00eancia \u00e0 Sa\u00fade na Capital, contemplando todos os pontos da Aten\u00e7\u00e3o, ser\u00e1 refor\u00e7ada, ainda neste m\u00eas de agosto, a partir da entrega do novo Hospital da Crian\u00e7a de Fortaleza e da Policl\u00ednica do Passar\u00e9. J\u00e1 em setembro, a entrega total do Instituto Dr. Jos\u00e9 Frota (IJF2) ampliar\u00e1 a capacidade assistencial da Unidade. A Policl\u00ednica do Siqueira, em instala\u00e7\u00e3o nas imedia\u00e7\u00f5es do Bonsucesso, tamb\u00e9m dever\u00e1 ser inaugurada nesse per\u00edodo.<\/p>\n\n\n\n<p>Na mobilidade urbana, as obras da Avenida Alberto Craveiro, nas imedia\u00e7\u00f5es do viaduto do Makro, devem ser conclu\u00eddas at\u00e9 o fim setembro.&nbsp;As melhorias em implanta\u00e7\u00e3o na Avenida Vicente de Castro, importante corredor tur\u00edstico da Cidade, dever\u00e3o ser finalizadas at\u00e9 a primeira quinzena de setembro. J\u00e1 a nova Avenida Desembargador Moreira deve ser conclu\u00edda em dezembro.<\/p>\n\n\n\n<figure class=\"wp-block-image size-large\"><img loading=\"lazy\" decoding=\"async\" width=\"723\" height=\"424\" src=\"https:\/\/blogdorogeriogomes.com.br\/wp-content\/uploads\/2020\/08\/images-1-2.jpeg\" alt=\"\" class=\"wp-image-17862\" srcset=\"https:\/\/blogdorogeriogomes.com.br\/noticias\/wp-content\/uploads\/2020\/08\/images-1-2.jpeg 723w, https:\/\/blogdorogeriogomes.com.br\/noticias\/wp-content\/uploads\/2020\/08\/images-1-2-300x176.jpeg 300w\" sizes=\"auto, (max-width: 723px) 100vw, 723px\" \/><\/figure>\n\n\n\n<p><\/p>\n","protected":false},"excerpt":{"rendered":"<p>O prefeito de Fortaleza, Roberto Cl\u00e1udio coordenou, na tarde desta segunda-feira, dia 10 de agosto, uma reuni\u00e3o com secret\u00e1rios municipais para atualizar o cronograma de obras e investimentos do segundo semestre de 2020. No encontro, realizado no Pa\u00e7o Municipal, foram monitoradas as interven\u00e7\u00f5es previstas e em andamento na&nbsp;sa\u00fade, educa\u00e7\u00e3o, mobilidade, infraestrutura, juventude e prote\u00e7\u00e3o animal. Entre agosto e setembro, Fortaleza contar\u00e1 com, pelo menos, dois novos VetM\u00f3veis. Em rela\u00e7\u00e3o ao turismo, o Polo da Varjota, relevante territ\u00f3rio gastron\u00f4mico da&hellip;<\/p>\n","protected":false},"author":1,"featured_media":17862,"comment_status":"open","ping_status":"open","sticky":false,"template":"","format":"standard","meta":{"footnotes":""},"categories":[1],"tags":[],"class_list":["post-17860","post","type-post","status-publish","format-standard","has-post-thumbnail","hentry","category-noticias"],"_links":{"self":[{"href":"https:\/\/blogdorogeriogomes.com.br\/noticias\/wp-json\/wp\/v2\/posts\/17860","targetHints":{"allow":["GET"]}}],"collection":[{"href":"https:\/\/blogdorogeriogomes.com.br\/noticias\/wp-json\/wp\/v2\/posts"}],"about":[{"href":"https:\/\/blogdorogeriogomes.com.br\/noticias\/wp-json\/wp\/v2\/types\/post"}],"author":[{"embeddable":true,"href":"https:\/\/blogdorogeriogomes.com.br\/noticias\/wp-json\/wp\/v2\/users\/1"}],"replies":[{"embeddable":true,"href":"https:\/\/blogdorogeriogomes.com.br\/noticias\/wp-json\/wp\/v2\/comments?post=17860"}],"version-history":[{"count":2,"href":"https:\/\/blogdorogeriogomes.com.br\/noticias\/wp-json\/wp\/v2\/posts\/17860\/revisions"}],"predecessor-version":[{"id":17930,"href":"https:\/\/blogdorogeriogomes.com.br\/noticias\/wp-json\/wp\/v2\/posts\/17860\/revisions\/17930"}],"wp:featuredmedia":[{"embeddable":true,"href":"https:\/\/blogdorogeriogomes.com.br\/noticias\/wp-json\/wp\/v2\/media\/17862"}],"wp:attachment":[{"href":"https:\/\/blogdorogeriogomes.com.br\/noticias\/wp-json\/wp\/v2\/media?parent=17860"}],"wp:term":[{"taxonomy":"category","embeddable":true,"href":"https:\/\/blogdorogeriogomes.com.br\/noticias\/wp-json\/wp\/v2\/categories?post=17860"},{"taxonomy":"post_tag","embeddable":true,"href":"https:\/\/blogdorogeriogomes.com.br\/noticias\/wp-json\/wp\/v2\/tags?post=17860"}],"curies":[{"name":"wp","href":"https:\/\/api.w.org\/{rel}","templated":true}]}}