{"id":17867,"date":"2020-08-11T09:48:11","date_gmt":"2020-08-11T09:48:11","guid":{"rendered":"https:\/\/blogdorogeriogomes.com.br\/?p=17867"},"modified":"2020-08-14T13:05:06","modified_gmt":"2020-08-14T13:05:06","slug":"deltan-dallagnol-recorre-ao-stf-para-nao-ser-afastado-do-comando-da-lava-jato-de-curitiba","status":"publish","type":"post","link":"https:\/\/blogdorogeriogomes.com.br\/noticias\/2020\/08\/deltan-dallagnol-recorre-ao-stf-para-nao-ser-afastado-do-comando-da-lava-jato-de-curitiba\/","title":{"rendered":"Deltan Dallagnol recorre ao STF para n\u00e3o ser afastado do comando da Lava Jato de Curitiba"},"content":{"rendered":"\n<p>Em crise com o Procurador-Geral da Rep\u00fablica, Augusto Aras, que questiona os m\u00e9todos utilizados pela Opera\u00e7\u00e3o Lava Jato  na coleta de provas contra acusados, o procurador Deltan Dallagnol recorreu ao Supremo Tribunal Federal para n\u00e3o ser afastado da for\u00e7a-tarefa da Lava Jato em Curitiba. As reclama\u00e7\u00f5es de descumprimento da ordem legal ganharam for\u00e7a ap\u00f3s os pedidos de compartilhamento dos dados da Lava Jato pela PGR.<\/p>\n\n\n\n<p>O pedido de Dallagnol \u00e9 para que a Corte suspenda dois processos contra ele no Conselho Nacional do Minist\u00e9rio P\u00fablico (CNMP) que pedem seu afastamento do grupo de Curitiba. Por sorteio, os pedidos foram encaminhados ao ministro decano, Celso de Mello.<\/p>\n\n\n\n<p>Na semana que vem, o CNMP deve julgar pedidos que foram apresentados por Renan Calheiros (MDB-AL) e K\u00e1tia Abreu (PP-TO) por manifesta\u00e7\u00f5es cr\u00edticas de Deltan nas redes sociais.<\/p>\n\n\n\n<figure class=\"wp-block-image size-large\"><img loading=\"lazy\" decoding=\"async\" width=\"800\" height=\"384\" src=\"https:\/\/blogdorogeriogomes.com.br\/wp-content\/uploads\/2020\/08\/images-2-2.jpeg\" alt=\"\" class=\"wp-image-17868\" srcset=\"https:\/\/blogdorogeriogomes.com.br\/noticias\/wp-content\/uploads\/2020\/08\/images-2-2.jpeg 800w, https:\/\/blogdorogeriogomes.com.br\/noticias\/wp-content\/uploads\/2020\/08\/images-2-2-300x144.jpeg 300w, https:\/\/blogdorogeriogomes.com.br\/noticias\/wp-content\/uploads\/2020\/08\/images-2-2-768x369.jpeg 768w\" sizes=\"auto, (max-width: 800px) 100vw, 800px\" \/><\/figure>\n","protected":false},"excerpt":{"rendered":"<p>Em crise com o Procurador-Geral da Rep\u00fablica, Augusto Aras, que questiona os m\u00e9todos utilizados pela Opera\u00e7\u00e3o Lava Jato na coleta de provas contra acusados, o procurador Deltan Dallagnol recorreu ao Supremo Tribunal Federal para n\u00e3o ser afastado da for\u00e7a-tarefa da Lava Jato em Curitiba. As reclama\u00e7\u00f5es de descumprimento da ordem legal ganharam for\u00e7a ap\u00f3s os pedidos de compartilhamento dos dados da Lava Jato pela PGR. O pedido de Dallagnol \u00e9 para que a Corte suspenda dois processos contra ele&hellip;<\/p>\n","protected":false},"author":1,"featured_media":17868,"comment_status":"open","ping_status":"open","sticky":false,"template":"","format":"standard","meta":{"footnotes":""},"categories":[1],"tags":[],"class_list":["post-17867","post","type-post","status-publish","format-standard","has-post-thumbnail","hentry","category-noticias"],"_links":{"self":[{"href":"https:\/\/blogdorogeriogomes.com.br\/noticias\/wp-json\/wp\/v2\/posts\/17867","targetHints":{"allow":["GET"]}}],"collection":[{"href":"https:\/\/blogdorogeriogomes.com.br\/noticias\/wp-json\/wp\/v2\/posts"}],"about":[{"href":"https:\/\/blogdorogeriogomes.com.br\/noticias\/wp-json\/wp\/v2\/types\/post"}],"author":[{"embeddable":true,"href":"https:\/\/blogdorogeriogomes.com.br\/noticias\/wp-json\/wp\/v2\/users\/1"}],"replies":[{"embeddable":true,"href":"https:\/\/blogdorogeriogomes.com.br\/noticias\/wp-json\/wp\/v2\/comments?post=17867"}],"version-history":[{"count":1,"href":"https:\/\/blogdorogeriogomes.com.br\/noticias\/wp-json\/wp\/v2\/posts\/17867\/revisions"}],"predecessor-version":[{"id":17869,"href":"https:\/\/blogdorogeriogomes.com.br\/noticias\/wp-json\/wp\/v2\/posts\/17867\/revisions\/17869"}],"wp:featuredmedia":[{"embeddable":true,"href":"https:\/\/blogdorogeriogomes.com.br\/noticias\/wp-json\/wp\/v2\/media\/17868"}],"wp:attachment":[{"href":"https:\/\/blogdorogeriogomes.com.br\/noticias\/wp-json\/wp\/v2\/media?parent=17867"}],"wp:term":[{"taxonomy":"category","embeddable":true,"href":"https:\/\/blogdorogeriogomes.com.br\/noticias\/wp-json\/wp\/v2\/categories?post=17867"},{"taxonomy":"post_tag","embeddable":true,"href":"https:\/\/blogdorogeriogomes.com.br\/noticias\/wp-json\/wp\/v2\/tags?post=17867"}],"curies":[{"name":"wp","href":"https:\/\/api.w.org\/{rel}","templated":true}]}}