{"id":17875,"date":"2020-08-11T20:37:38","date_gmt":"2020-08-11T20:37:38","guid":{"rendered":"https:\/\/blogdorogeriogomes.com.br\/?p=17875"},"modified":"2020-08-14T13:05:30","modified_gmt":"2020-08-14T13:05:30","slug":"empresarios-cearenses-vao-a-brasilia-para-cobrar-execucao-de-obras-para-o-estado-pelo-governo-federal","status":"publish","type":"post","link":"https:\/\/blogdorogeriogomes.com.br\/noticias\/2020\/08\/empresarios-cearenses-vao-a-brasilia-para-cobrar-execucao-de-obras-para-o-estado-pelo-governo-federal\/","title":{"rendered":"Empres\u00e1rios cearenses v\u00e3o a Bras\u00edlia para cobrar execu\u00e7\u00e3o de obras para o Estado pelo Governo Federal"},"content":{"rendered":"\n<p>Uma comitiva de 17 empres\u00e1rios cearenses liderada pelos presidentes da Federa\u00e7\u00e3o das Ind\u00fastrias do Estado do Cear\u00e1 (Fiec), Ricardo Cavalcante, e da Federa\u00e7\u00e3o de Com\u00e9rcio do Estado do Cear\u00e1 (Fecom\u00e9rcio), Maur\u00edcio Filizola, seguiu para Bras\u00edlia a fim de se reunir com ministros do Governo Federal, na tarde desta ter\u00e7a-feira, dia 11 de agosto. Entre eles, o ministro da Economia, Paulo Guedes, que atualmente define as a\u00e7\u00f5es que envolvem os gastos do Governo Bolsonaro.<\/p>\n\n\n\n<p>Os empres\u00e1rios cearenses buscam cobrar o desentrave de obras importantes para o Cear\u00e1, como \u00e9 o caso da conclus\u00e3o das interven\u00e7\u00f5es do Anel Vi\u00e1rio, a defini\u00e7\u00e3o da concess\u00e3o da Companhia Sider\u00farfica Nacional (CNS) para a Ferrovia Transnordestina e a duplica\u00e7\u00e3o da rodovia BR-222. Tamb\u00e9m est\u00e3o em pauta quest\u00f5es ligadas \u00e0 seguran\u00e7a h\u00eddrica, ao setor habitacional e ao saneamento.<\/p>\n\n\n\n<p>O encontro tamb\u00e9m tem a participa\u00e7\u00e3o dos ministros Tarc\u00edsio Gomes de Freitas (Infraestrutura), Rog\u00e9rio Marinho (Desenvolvimento Regional), Lu\u00eds Eduardo Ramos (Secretaria de Governo), e o secret\u00e1rio Executivo da Casa Civil, general S\u00e9rgio Pereira. A repactua\u00e7\u00e3o das d\u00edvidas das empresas industriais junto ao Fundo Constitucional de Financiamento do Nordeste (FNE) e o Fundo de Investimentos do Nordeste (Finor) tamb\u00e9m devem ser tratados no encontro.<\/p>\n\n\n\n<figure class=\"wp-block-image size-large\"><img loading=\"lazy\" decoding=\"async\" width=\"1024\" height=\"576\" src=\"https:\/\/blogdorogeriogomes.com.br\/wp-content\/uploads\/2020\/08\/empresarios-com-Guedes-1024x576.jpg\" alt=\"\" class=\"wp-image-17876\" srcset=\"https:\/\/blogdorogeriogomes.com.br\/noticias\/wp-content\/uploads\/2020\/08\/empresarios-com-Guedes-1024x576.jpg 1024w, https:\/\/blogdorogeriogomes.com.br\/noticias\/wp-content\/uploads\/2020\/08\/empresarios-com-Guedes-300x169.jpg 300w, https:\/\/blogdorogeriogomes.com.br\/noticias\/wp-content\/uploads\/2020\/08\/empresarios-com-Guedes-768x432.jpg 768w, https:\/\/blogdorogeriogomes.com.br\/noticias\/wp-content\/uploads\/2020\/08\/empresarios-com-Guedes-1536x864.jpg 1536w, https:\/\/blogdorogeriogomes.com.br\/noticias\/wp-content\/uploads\/2020\/08\/empresarios-com-Guedes-2048x1152.jpg 2048w, https:\/\/blogdorogeriogomes.com.br\/noticias\/wp-content\/uploads\/2020\/08\/empresarios-com-Guedes-800x450.jpg 800w\" sizes=\"auto, (max-width: 1024px) 100vw, 1024px\" \/><\/figure>\n","protected":false},"excerpt":{"rendered":"<p>Uma comitiva de 17 empres\u00e1rios cearenses liderada pelos presidentes da Federa\u00e7\u00e3o das Ind\u00fastrias do Estado do Cear\u00e1 (Fiec), Ricardo Cavalcante, e da Federa\u00e7\u00e3o de Com\u00e9rcio do Estado do Cear\u00e1 (Fecom\u00e9rcio), Maur\u00edcio Filizola, seguiu para Bras\u00edlia a fim de se reunir com ministros do Governo Federal, na tarde desta ter\u00e7a-feira, dia 11 de agosto. Entre eles, o ministro da Economia, Paulo Guedes, que atualmente define as a\u00e7\u00f5es que envolvem os gastos do Governo Bolsonaro. Os empres\u00e1rios cearenses buscam cobrar o&hellip;<\/p>\n","protected":false},"author":1,"featured_media":17876,"comment_status":"open","ping_status":"open","sticky":false,"template":"","format":"standard","meta":{"footnotes":""},"categories":[1],"tags":[],"class_list":["post-17875","post","type-post","status-publish","format-standard","has-post-thumbnail","hentry","category-noticias"],"_links":{"self":[{"href":"https:\/\/blogdorogeriogomes.com.br\/noticias\/wp-json\/wp\/v2\/posts\/17875","targetHints":{"allow":["GET"]}}],"collection":[{"href":"https:\/\/blogdorogeriogomes.com.br\/noticias\/wp-json\/wp\/v2\/posts"}],"about":[{"href":"https:\/\/blogdorogeriogomes.com.br\/noticias\/wp-json\/wp\/v2\/types\/post"}],"author":[{"embeddable":true,"href":"https:\/\/blogdorogeriogomes.com.br\/noticias\/wp-json\/wp\/v2\/users\/1"}],"replies":[{"embeddable":true,"href":"https:\/\/blogdorogeriogomes.com.br\/noticias\/wp-json\/wp\/v2\/comments?post=17875"}],"version-history":[{"count":2,"href":"https:\/\/blogdorogeriogomes.com.br\/noticias\/wp-json\/wp\/v2\/posts\/17875\/revisions"}],"predecessor-version":[{"id":17878,"href":"https:\/\/blogdorogeriogomes.com.br\/noticias\/wp-json\/wp\/v2\/posts\/17875\/revisions\/17878"}],"wp:featuredmedia":[{"embeddable":true,"href":"https:\/\/blogdorogeriogomes.com.br\/noticias\/wp-json\/wp\/v2\/media\/17876"}],"wp:attachment":[{"href":"https:\/\/blogdorogeriogomes.com.br\/noticias\/wp-json\/wp\/v2\/media?parent=17875"}],"wp:term":[{"taxonomy":"category","embeddable":true,"href":"https:\/\/blogdorogeriogomes.com.br\/noticias\/wp-json\/wp\/v2\/categories?post=17875"},{"taxonomy":"post_tag","embeddable":true,"href":"https:\/\/blogdorogeriogomes.com.br\/noticias\/wp-json\/wp\/v2\/tags?post=17875"}],"curies":[{"name":"wp","href":"https:\/\/api.w.org\/{rel}","templated":true}]}}