{"id":17879,"date":"2020-08-11T20:57:41","date_gmt":"2020-08-11T20:57:41","guid":{"rendered":"https:\/\/blogdorogeriogomes.com.br\/?p=17879"},"modified":"2020-08-14T13:04:52","modified_gmt":"2020-08-14T13:04:52","slug":"todos-os-184-municipios-do-ceara-atingiram-nivel-desejavel-de-alfabetizacao-em-2019-de-acordo-com-avaliacao-do-spaece","status":"publish","type":"post","link":"https:\/\/blogdorogeriogomes.com.br\/noticias\/2020\/08\/todos-os-184-municipios-do-ceara-atingiram-nivel-desejavel-de-alfabetizacao-em-2019-de-acordo-com-avaliacao-do-spaece\/","title":{"rendered":"Todos os 184 munic\u00edpios do Cear\u00e1 atingiram n\u00edvel desej\u00e1vel de alfabetiza\u00e7\u00e3o em 2019, de acordo com avalia\u00e7\u00e3o do Spaece"},"content":{"rendered":"\n<p>O Governo do Cear\u00e1 entregou, nesta ter\u00e7a-feira, dia 11 de agosto, o Pr\u00eamio Escola Nota Dez \u00e0s 362 escolas p\u00fablicas cearenses que se destacaram no ano de 2019. Durante o evento, foram divulgados os resultados do Sistema Permanente de Avalia\u00e7\u00e3o da Educa\u00e7\u00e3o B\u00e1sica do Estado do Cear\u00e1 (Spaece) do ano passado. Pela primeira vez na hist\u00f3ria, todos os 184 munic\u00edpios cearenses atingiram o n\u00edvel desej\u00e1vel de alfabetiza\u00e7\u00e3o. Os n\u00fameros mostram que 92,7% das crian\u00e7as encontram-se alfabetizadas ao t\u00e9rmino da alfabetiza\u00e7\u00e3o.<\/p>\n\n\n\n<p>A solenidade de premia\u00e7\u00e3o, que aconteceu de forma online, contou com a presen\u00e7a do governador Camilo Santana, da vice-governadora Izolda Cela, e da secret\u00e1ria da Educa\u00e7\u00e3o, Eliana Estrela. Os prefeitos e secret\u00e1rios municipais da Educa\u00e7\u00e3o tamb\u00e9m participaram atrav\u00e9s de links ao vivo, disponibilizados em todas as Coordenadorias Regionais de Desenvolvimento da Educa\u00e7\u00e3o (Credes).<\/p>\n\n\n\n<p>Camilo Santana pontua que os resultados s\u00e3o fruto de um trabalho de coopera\u00e7\u00e3o. \u201cMesmo num momento desafiador de pandemia que atinge o mundo inteiro, n\u00e3o poder\u00edamos deixar de reconhecer o esfor\u00e7o dos nossos educadores, secret\u00e1rios e prefeitos, que t\u00eam enxergado na educa\u00e7\u00e3o um caminho de transforma\u00e7\u00e3o social e de oportunidades \u00e0s nossas crian\u00e7as e jovens\u201d, ressalta.<\/p>\n\n\n\n<figure class=\"wp-block-image size-large\"><img loading=\"lazy\" decoding=\"async\" width=\"1024\" height=\"683\" src=\"https:\/\/blogdorogeriogomes.com.br\/wp-content\/uploads\/2020\/08\/200811_PREMIO-ESCOLA-NOTA-10_LIVE_CGM5315-1200x800-1-1024x683.jpg\" alt=\"\" class=\"wp-image-17880\" srcset=\"https:\/\/blogdorogeriogomes.com.br\/noticias\/wp-content\/uploads\/2020\/08\/200811_PREMIO-ESCOLA-NOTA-10_LIVE_CGM5315-1200x800-1-1024x683.jpg 1024w, https:\/\/blogdorogeriogomes.com.br\/noticias\/wp-content\/uploads\/2020\/08\/200811_PREMIO-ESCOLA-NOTA-10_LIVE_CGM5315-1200x800-1-300x200.jpg 300w, https:\/\/blogdorogeriogomes.com.br\/noticias\/wp-content\/uploads\/2020\/08\/200811_PREMIO-ESCOLA-NOTA-10_LIVE_CGM5315-1200x800-1-768x512.jpg 768w, https:\/\/blogdorogeriogomes.com.br\/noticias\/wp-content\/uploads\/2020\/08\/200811_PREMIO-ESCOLA-NOTA-10_LIVE_CGM5315-1200x800-1-800x533.jpg 800w, https:\/\/blogdorogeriogomes.com.br\/noticias\/wp-content\/uploads\/2020\/08\/200811_PREMIO-ESCOLA-NOTA-10_LIVE_CGM5315-1200x800-1.jpg 1200w\" sizes=\"auto, (max-width: 1024px) 100vw, 1024px\" \/><\/figure>\n","protected":false},"excerpt":{"rendered":"<p>O Governo do Cear\u00e1 entregou, nesta ter\u00e7a-feira, dia 11 de agosto, o Pr\u00eamio Escola Nota Dez \u00e0s 362 escolas p\u00fablicas cearenses que se destacaram no ano de 2019. Durante o evento, foram divulgados os resultados do Sistema Permanente de Avalia\u00e7\u00e3o da Educa\u00e7\u00e3o B\u00e1sica do Estado do Cear\u00e1 (Spaece) do ano passado. Pela primeira vez na hist\u00f3ria, todos os 184 munic\u00edpios cearenses atingiram o n\u00edvel desej\u00e1vel de alfabetiza\u00e7\u00e3o. Os n\u00fameros mostram que 92,7% das crian\u00e7as encontram-se alfabetizadas ao t\u00e9rmino da&hellip;<\/p>\n","protected":false},"author":1,"featured_media":17880,"comment_status":"open","ping_status":"open","sticky":false,"template":"","format":"standard","meta":{"footnotes":""},"categories":[1],"tags":[],"class_list":["post-17879","post","type-post","status-publish","format-standard","has-post-thumbnail","hentry","category-noticias"],"_links":{"self":[{"href":"https:\/\/blogdorogeriogomes.com.br\/noticias\/wp-json\/wp\/v2\/posts\/17879","targetHints":{"allow":["GET"]}}],"collection":[{"href":"https:\/\/blogdorogeriogomes.com.br\/noticias\/wp-json\/wp\/v2\/posts"}],"about":[{"href":"https:\/\/blogdorogeriogomes.com.br\/noticias\/wp-json\/wp\/v2\/types\/post"}],"author":[{"embeddable":true,"href":"https:\/\/blogdorogeriogomes.com.br\/noticias\/wp-json\/wp\/v2\/users\/1"}],"replies":[{"embeddable":true,"href":"https:\/\/blogdorogeriogomes.com.br\/noticias\/wp-json\/wp\/v2\/comments?post=17879"}],"version-history":[{"count":1,"href":"https:\/\/blogdorogeriogomes.com.br\/noticias\/wp-json\/wp\/v2\/posts\/17879\/revisions"}],"predecessor-version":[{"id":17881,"href":"https:\/\/blogdorogeriogomes.com.br\/noticias\/wp-json\/wp\/v2\/posts\/17879\/revisions\/17881"}],"wp:featuredmedia":[{"embeddable":true,"href":"https:\/\/blogdorogeriogomes.com.br\/noticias\/wp-json\/wp\/v2\/media\/17880"}],"wp:attachment":[{"href":"https:\/\/blogdorogeriogomes.com.br\/noticias\/wp-json\/wp\/v2\/media?parent=17879"}],"wp:term":[{"taxonomy":"category","embeddable":true,"href":"https:\/\/blogdorogeriogomes.com.br\/noticias\/wp-json\/wp\/v2\/categories?post=17879"},{"taxonomy":"post_tag","embeddable":true,"href":"https:\/\/blogdorogeriogomes.com.br\/noticias\/wp-json\/wp\/v2\/tags?post=17879"}],"curies":[{"name":"wp","href":"https:\/\/api.w.org\/{rel}","templated":true}]}}