{"id":17882,"date":"2020-08-11T23:22:04","date_gmt":"2020-08-11T23:22:04","guid":{"rendered":"https:\/\/blogdorogeriogomes.com.br\/?p=17882"},"modified":"2020-08-14T13:04:45","modified_gmt":"2020-08-14T13:04:45","slug":"equipe-economica-de-paulo-guedes-sofre-mais-duas-baixas-o-proprio-ministro-classifica-a-situacao-como-debandada","status":"publish","type":"post","link":"https:\/\/blogdorogeriogomes.com.br\/noticias\/2020\/08\/equipe-economica-de-paulo-guedes-sofre-mais-duas-baixas-o-proprio-ministro-classifica-a-situacao-como-debandada\/","title":{"rendered":"Equipe econ\u00f4mica de Paulo Guedes sofre mais duas &#8220;baixas&#8221;. O pr\u00f3prio ministro classifica a situa\u00e7\u00e3o como &#8220;debandada&#8221;"},"content":{"rendered":"\n<p>Depois das&nbsp;recentes sa\u00eddas de Mansueto Almeida, secret\u00e1rio do Tesouro Nacional; Caio Megale, da diretoria de programas da Secretaria Especial da Fazenda; e Rubem Novaes, do Banco do Brasil; a equipe econ\u00f4mica do Governo Bolsonaro, comandada pelo ministro da Economia, Paulo Guedes, sofreu mais duas &#8220;baixas&#8221;, nesta ter\u00e7a-feira, dia 11 de agosto. \u201cSe me perguntarem se houve uma debandada hoje, houve\u201d, disse Guedes.<\/p>\n\n\n\n<p>Dois secret\u00e1rios especiais pediram demiss\u00e3o. Salim Mattar (Desestatiza\u00e7\u00e3o) e Paulo Uebel (Desburocratiza\u00e7\u00e3o) decidiram deixar o governo de Jair Bolsonaro. Salim era o respons\u00e1vel pelas privatiza\u00e7\u00f5es e Uebel pela reforma administrativa.<\/p>\n\n\n\n<p>Os motivos oficiais da sa\u00edda dos dois secret\u00e1rios n\u00e3o foram revelados, mas nos bastidores pol\u00edticos em Bras\u00edlia se especula que os dois assessores de Guedes n\u00e3o estariam satisfeitos com os rumos econ\u00f4micos tomados pelo Governo durante a pandemia do coronav\u00edrus. Ao contr\u00e1rio do que pensa Paulo Guedes e membros da equipe econ\u00f4mica, o presidente Jair Bolsonaro tenta esticar o pagamento do aux\u00edlio emergencial com vistas a melhorar sua aprova\u00e7\u00e3o junto ao eleitorado mais pobre, principalmente, no Nordeste. Os primeiros meses do pagamento do benef\u00edcio deram &#8220;f\u00f4lego&#8221; a Bolsonaro nas \u00faltimas pesquisas de opini\u00e3o.<\/p>\n\n\n\n<figure class=\"wp-block-image size-large\"><img loading=\"lazy\" decoding=\"async\" width=\"768\" height=\"512\" src=\"https:\/\/blogdorogeriogomes.com.br\/wp-content\/uploads\/2020\/08\/15894715455ebd6939297d7_1589471545_3x2_md.jpg\" alt=\"\" class=\"wp-image-17883\" srcset=\"https:\/\/blogdorogeriogomes.com.br\/noticias\/wp-content\/uploads\/2020\/08\/15894715455ebd6939297d7_1589471545_3x2_md.jpg 768w, https:\/\/blogdorogeriogomes.com.br\/noticias\/wp-content\/uploads\/2020\/08\/15894715455ebd6939297d7_1589471545_3x2_md-300x200.jpg 300w\" sizes=\"auto, (max-width: 768px) 100vw, 768px\" \/><\/figure>\n","protected":false},"excerpt":{"rendered":"<p>Depois das&nbsp;recentes sa\u00eddas de Mansueto Almeida, secret\u00e1rio do Tesouro Nacional; Caio Megale, da diretoria de programas da Secretaria Especial da Fazenda; e Rubem Novaes, do Banco do Brasil; a equipe econ\u00f4mica do Governo Bolsonaro, comandada pelo ministro da Economia, Paulo Guedes, sofreu mais duas &#8220;baixas&#8221;, nesta ter\u00e7a-feira, dia 11 de agosto. \u201cSe me perguntarem se houve uma debandada hoje, houve\u201d, disse Guedes. Dois secret\u00e1rios especiais pediram demiss\u00e3o. Salim Mattar (Desestatiza\u00e7\u00e3o) e Paulo Uebel (Desburocratiza\u00e7\u00e3o) decidiram deixar o governo de&hellip;<\/p>\n","protected":false},"author":1,"featured_media":17883,"comment_status":"open","ping_status":"open","sticky":false,"template":"","format":"standard","meta":{"footnotes":""},"categories":[1],"tags":[],"class_list":["post-17882","post","type-post","status-publish","format-standard","has-post-thumbnail","hentry","category-noticias"],"_links":{"self":[{"href":"https:\/\/blogdorogeriogomes.com.br\/noticias\/wp-json\/wp\/v2\/posts\/17882","targetHints":{"allow":["GET"]}}],"collection":[{"href":"https:\/\/blogdorogeriogomes.com.br\/noticias\/wp-json\/wp\/v2\/posts"}],"about":[{"href":"https:\/\/blogdorogeriogomes.com.br\/noticias\/wp-json\/wp\/v2\/types\/post"}],"author":[{"embeddable":true,"href":"https:\/\/blogdorogeriogomes.com.br\/noticias\/wp-json\/wp\/v2\/users\/1"}],"replies":[{"embeddable":true,"href":"https:\/\/blogdorogeriogomes.com.br\/noticias\/wp-json\/wp\/v2\/comments?post=17882"}],"version-history":[{"count":2,"href":"https:\/\/blogdorogeriogomes.com.br\/noticias\/wp-json\/wp\/v2\/posts\/17882\/revisions"}],"predecessor-version":[{"id":17928,"href":"https:\/\/blogdorogeriogomes.com.br\/noticias\/wp-json\/wp\/v2\/posts\/17882\/revisions\/17928"}],"wp:featuredmedia":[{"embeddable":true,"href":"https:\/\/blogdorogeriogomes.com.br\/noticias\/wp-json\/wp\/v2\/media\/17883"}],"wp:attachment":[{"href":"https:\/\/blogdorogeriogomes.com.br\/noticias\/wp-json\/wp\/v2\/media?parent=17882"}],"wp:term":[{"taxonomy":"category","embeddable":true,"href":"https:\/\/blogdorogeriogomes.com.br\/noticias\/wp-json\/wp\/v2\/categories?post=17882"},{"taxonomy":"post_tag","embeddable":true,"href":"https:\/\/blogdorogeriogomes.com.br\/noticias\/wp-json\/wp\/v2\/tags?post=17882"}],"curies":[{"name":"wp","href":"https:\/\/api.w.org\/{rel}","templated":true}]}}