{"id":17888,"date":"2020-08-12T09:46:28","date_gmt":"2020-08-12T09:46:28","guid":{"rendered":"https:\/\/blogdorogeriogomes.com.br\/?p=17888"},"modified":"2020-08-14T13:03:09","modified_gmt":"2020-08-14T13:03:09","slug":"eduardo-bolsonaro-sofre-pressao-dos-colegas-deputados-por-entrega-de-dossie-de-antifascistas-a-embaixada-dos-estados-unidos","status":"publish","type":"post","link":"https:\/\/blogdorogeriogomes.com.br\/noticias\/2020\/08\/eduardo-bolsonaro-sofre-pressao-dos-colegas-deputados-por-entrega-de-dossie-de-antifascistas-a-embaixada-dos-estados-unidos\/","title":{"rendered":"Eduardo Bolsonaro sofre press\u00e3o dos colegas deputados por entrega de dossi\u00ea de antifascistas a Embaixada dos Estados Unidos"},"content":{"rendered":"\n<p>A informa\u00e7\u00e3o de que o deputado federal Eduardo Bolsonaro, filho do presidente Jair Bolsonaro, teria entregue informa\u00e7\u00f5es de servidores e cidad\u00e3os brasileiros antifascistas aos Estados Unidos, gerou rea\u00e7\u00e3o na C\u00e2mara Federal. Deputados de oposi\u00e7\u00e3o que integram a&nbsp;Comiss\u00e3o de Rela\u00e7\u00f5es Exteriores e Defesa Nacional da C\u00e2mara encaminharam um of\u00edcio a Eduardo Bolsonaro, que preside o colegiado, pedindo esclarecimentos sobre a entrega do relat\u00f3rio \u00e0s autoridades norte-americana. O dossi\u00ea foi feito pelo deputado estadual paulista Douglas Garcia<strong>&nbsp;<\/strong>(PTB-SP), aliado de primeira linha do Governo Bolsonaro, que afirmou que Eduardo Bolsonaro encaminhou o documento \u00e0 Embaixada dos EUA no Brasil.<\/p>\n\n\n\n<p>&#8220;Em nosso entender, se verdadeiro, este gesto se configura como endosso a uma iniciativa autorit\u00e1ria que imputa crimes sem provas e exp\u00f5e dados pessoais de centenas de cidad\u00e3s e cidad\u00e3os brasileiros. Al\u00e9m de um desvio \u00e9tico das atribui\u00e7\u00f5es parlamentares, a entrega deste dossi\u00ea aos EUA materializa uma lament\u00e1vel subservi\u00eancia \u00e0quele pa\u00eds, adversa aos fundamentos de nossa Rep\u00fablica e aos princ\u00edpios que devem reger nossas rela\u00e7\u00f5es internacionais, ambos expressos em nossa Constitui\u00e7\u00e3o Federal&#8221;, dizem os parlamentares no documento.<\/p>\n\n\n\n<p>Nesta ter\u00e7a-feira, dia 11 de agosto, o Minist\u00e9rio da Justi\u00e7a tamb\u00e9m entregou o dossi\u00ea sobre servidores antifascistas&nbsp;\u00e0 Comiss\u00e3o Mista de Controle das Atividades de Intelig\u00eancia. Em nota, o minist\u00e9rio afirmou que encaminhou \u201cinforma\u00e7\u00f5es e documentos necess\u00e1rios para a realiza\u00e7\u00e3o da atividade de controle e fiscaliza\u00e7\u00e3o externos da atividade de intelig\u00eancia\u201d.<\/p>\n\n\n\n<p>O Minist\u00e9rio da Justi\u00e7a criou em junho um dossi\u00ea com nomes de 579 servidores federais e estaduais de seguran\u00e7a identificados como integrantes do &#8220;movimento antifascismo&#8221; e tr\u00eas professores universit\u00e1rios, um dos quais ex-secret\u00e1rio nacional de direitos humanos e atual relator da ONU sobre direitos humanos na S\u00edria, todos cr\u00edticos do governo de Jair Bolsonaro.&nbsp;O caso j\u00e1 chegou \u00e0 ONU. Relatores da Organiza\u00e7\u00e3o das Na\u00e7\u00f5es Unidas foram informados e se debru\u00e7am sobre a conduta do Minist\u00e9rio da Justi\u00e7a brasileiro, que pode colocar o Brasil em uma &#8220;lista suja&#8221; na entidade.<\/p>\n\n\n\n<figure class=\"wp-block-image size-large\"><img loading=\"lazy\" decoding=\"async\" width=\"600\" height=\"400\" src=\"https:\/\/blogdorogeriogomes.com.br\/wp-content\/uploads\/2020\/08\/images-3-1.jpeg\" alt=\"\" class=\"wp-image-17889\" srcset=\"https:\/\/blogdorogeriogomes.com.br\/noticias\/wp-content\/uploads\/2020\/08\/images-3-1.jpeg 600w, https:\/\/blogdorogeriogomes.com.br\/noticias\/wp-content\/uploads\/2020\/08\/images-3-1-300x200.jpeg 300w\" sizes=\"auto, (max-width: 600px) 100vw, 600px\" \/><\/figure>\n\n\n\n<p><\/p>\n","protected":false},"excerpt":{"rendered":"<p>A informa\u00e7\u00e3o de que o deputado federal Eduardo Bolsonaro, filho do presidente Jair Bolsonaro, teria entregue informa\u00e7\u00f5es de servidores e cidad\u00e3os brasileiros antifascistas aos Estados Unidos, gerou rea\u00e7\u00e3o na C\u00e2mara Federal. Deputados de oposi\u00e7\u00e3o que integram a&nbsp;Comiss\u00e3o de Rela\u00e7\u00f5es Exteriores e Defesa Nacional da C\u00e2mara encaminharam um of\u00edcio a Eduardo Bolsonaro, que preside o colegiado, pedindo esclarecimentos sobre a entrega do relat\u00f3rio \u00e0s autoridades norte-americana. O dossi\u00ea foi feito pelo deputado estadual paulista Douglas Garcia&nbsp;(PTB-SP), aliado de primeira linha&hellip;<\/p>\n","protected":false},"author":1,"featured_media":17889,"comment_status":"open","ping_status":"open","sticky":false,"template":"","format":"standard","meta":{"footnotes":""},"categories":[1],"tags":[],"class_list":["post-17888","post","type-post","status-publish","format-standard","has-post-thumbnail","hentry","category-noticias"],"_links":{"self":[{"href":"https:\/\/blogdorogeriogomes.com.br\/noticias\/wp-json\/wp\/v2\/posts\/17888","targetHints":{"allow":["GET"]}}],"collection":[{"href":"https:\/\/blogdorogeriogomes.com.br\/noticias\/wp-json\/wp\/v2\/posts"}],"about":[{"href":"https:\/\/blogdorogeriogomes.com.br\/noticias\/wp-json\/wp\/v2\/types\/post"}],"author":[{"embeddable":true,"href":"https:\/\/blogdorogeriogomes.com.br\/noticias\/wp-json\/wp\/v2\/users\/1"}],"replies":[{"embeddable":true,"href":"https:\/\/blogdorogeriogomes.com.br\/noticias\/wp-json\/wp\/v2\/comments?post=17888"}],"version-history":[{"count":2,"href":"https:\/\/blogdorogeriogomes.com.br\/noticias\/wp-json\/wp\/v2\/posts\/17888\/revisions"}],"predecessor-version":[{"id":17927,"href":"https:\/\/blogdorogeriogomes.com.br\/noticias\/wp-json\/wp\/v2\/posts\/17888\/revisions\/17927"}],"wp:featuredmedia":[{"embeddable":true,"href":"https:\/\/blogdorogeriogomes.com.br\/noticias\/wp-json\/wp\/v2\/media\/17889"}],"wp:attachment":[{"href":"https:\/\/blogdorogeriogomes.com.br\/noticias\/wp-json\/wp\/v2\/media?parent=17888"}],"wp:term":[{"taxonomy":"category","embeddable":true,"href":"https:\/\/blogdorogeriogomes.com.br\/noticias\/wp-json\/wp\/v2\/categories?post=17888"},{"taxonomy":"post_tag","embeddable":true,"href":"https:\/\/blogdorogeriogomes.com.br\/noticias\/wp-json\/wp\/v2\/tags?post=17888"}],"curies":[{"name":"wp","href":"https:\/\/api.w.org\/{rel}","templated":true}]}}