{"id":17892,"date":"2020-08-13T00:30:52","date_gmt":"2020-08-13T00:30:52","guid":{"rendered":"https:\/\/blogdorogeriogomes.com.br\/?p=17892"},"modified":"2020-08-14T13:02:54","modified_gmt":"2020-08-14T13:02:54","slug":"mesmo-sem-data-de-retorno-prefeitura-de-fortaleza-comeca-a-preparar-escolas-para-volta-de-aulas-presenciais","status":"publish","type":"post","link":"https:\/\/blogdorogeriogomes.com.br\/noticias\/2020\/08\/mesmo-sem-data-de-retorno-prefeitura-de-fortaleza-comeca-a-preparar-escolas-para-volta-de-aulas-presenciais\/","title":{"rendered":"Mesmo sem data de retorno, Prefeitura de Fortaleza come\u00e7a a preparar escolas para volta de aulas presenciais"},"content":{"rendered":"\n<p>Ainda n\u00e3o h\u00e1 data definida para o retorno das aulas presenciais na rede municipal de ensino em Fortaleza. No entanto, a Prefeitura come\u00e7ou a tomar provid\u00eancias para a volta das atividades nas escolas, a partir do momento que houver uma defini\u00e7\u00e3o do governador Camilo Santana e do Comit\u00ea de Enfrentamento \u00e0 Covid-19 no Cear\u00e1. <\/p>\n\n\n\n<p>Segundo o prefeito Roberto Cl\u00e1udio, foi iniciada a compra de equipamentos de prote\u00e7\u00e3o individuais (EPIs), como m\u00e1scaras, para distribuir a professores e alunos da rede. Al\u00e9m disso, os ambientes escolares devem passar por readapta\u00e7\u00e3o f\u00edsica, seguindo todos os protocolos de seguran\u00e7a sanit\u00e1ria para receber os alunos. Por exemplo, ser\u00e3o implantadas novas pias de higieniza\u00e7\u00e3o nos banheiros.<\/p>\n\n\n\n<p>De acordo com o governador Camilo Santana, o retorno das aulas na rede p\u00fablica e privada s\u00f3 deve ser discutido a partir de setembro, mesmo comemos \u00edndices de redu\u00e7\u00e3o de casos e mortes por coronav\u00edrus no Estado.<\/p>\n\n\n\n<figure class=\"wp-block-image size-large\"><img loading=\"lazy\" decoding=\"async\" width=\"600\" height=\"400\" src=\"https:\/\/blogdorogeriogomes.com.br\/wp-content\/uploads\/2020\/08\/escola-fortaleza-5.jpg\" alt=\"\" class=\"wp-image-17893\" srcset=\"https:\/\/blogdorogeriogomes.com.br\/noticias\/wp-content\/uploads\/2020\/08\/escola-fortaleza-5.jpg 600w, https:\/\/blogdorogeriogomes.com.br\/noticias\/wp-content\/uploads\/2020\/08\/escola-fortaleza-5-300x200.jpg 300w\" sizes=\"auto, (max-width: 600px) 100vw, 600px\" \/><\/figure>\n\n\n\n<p><\/p>\n\n\n\n<p><\/p>\n","protected":false},"excerpt":{"rendered":"<p>Ainda n\u00e3o h\u00e1 data definida para o retorno das aulas presenciais na rede municipal de ensino em Fortaleza. No entanto, a Prefeitura come\u00e7ou a tomar provid\u00eancias para a volta das atividades nas escolas, a partir do momento que houver uma defini\u00e7\u00e3o do governador Camilo Santana e do Comit\u00ea de Enfrentamento \u00e0 Covid-19 no Cear\u00e1. Segundo o prefeito Roberto Cl\u00e1udio, foi iniciada a compra de equipamentos de prote\u00e7\u00e3o individuais (EPIs), como m\u00e1scaras, para distribuir a professores e alunos da rede.&hellip;<\/p>\n","protected":false},"author":1,"featured_media":17893,"comment_status":"open","ping_status":"open","sticky":false,"template":"","format":"standard","meta":{"footnotes":""},"categories":[1],"tags":[],"class_list":["post-17892","post","type-post","status-publish","format-standard","has-post-thumbnail","hentry","category-noticias"],"_links":{"self":[{"href":"https:\/\/blogdorogeriogomes.com.br\/noticias\/wp-json\/wp\/v2\/posts\/17892","targetHints":{"allow":["GET"]}}],"collection":[{"href":"https:\/\/blogdorogeriogomes.com.br\/noticias\/wp-json\/wp\/v2\/posts"}],"about":[{"href":"https:\/\/blogdorogeriogomes.com.br\/noticias\/wp-json\/wp\/v2\/types\/post"}],"author":[{"embeddable":true,"href":"https:\/\/blogdorogeriogomes.com.br\/noticias\/wp-json\/wp\/v2\/users\/1"}],"replies":[{"embeddable":true,"href":"https:\/\/blogdorogeriogomes.com.br\/noticias\/wp-json\/wp\/v2\/comments?post=17892"}],"version-history":[{"count":1,"href":"https:\/\/blogdorogeriogomes.com.br\/noticias\/wp-json\/wp\/v2\/posts\/17892\/revisions"}],"predecessor-version":[{"id":17894,"href":"https:\/\/blogdorogeriogomes.com.br\/noticias\/wp-json\/wp\/v2\/posts\/17892\/revisions\/17894"}],"wp:featuredmedia":[{"embeddable":true,"href":"https:\/\/blogdorogeriogomes.com.br\/noticias\/wp-json\/wp\/v2\/media\/17893"}],"wp:attachment":[{"href":"https:\/\/blogdorogeriogomes.com.br\/noticias\/wp-json\/wp\/v2\/media?parent=17892"}],"wp:term":[{"taxonomy":"category","embeddable":true,"href":"https:\/\/blogdorogeriogomes.com.br\/noticias\/wp-json\/wp\/v2\/categories?post=17892"},{"taxonomy":"post_tag","embeddable":true,"href":"https:\/\/blogdorogeriogomes.com.br\/noticias\/wp-json\/wp\/v2\/tags?post=17892"}],"curies":[{"name":"wp","href":"https:\/\/api.w.org\/{rel}","templated":true}]}}