{"id":17895,"date":"2020-08-13T00:48:23","date_gmt":"2020-08-13T00:48:23","guid":{"rendered":"https:\/\/blogdorogeriogomes.com.br\/?p=17895"},"modified":"2020-08-14T13:02:44","modified_gmt":"2020-08-14T13:02:44","slug":"nordeste-e-a-unica-regiao-do-pais-a-nao-ter-aceleracao-no-numero-de-mortes-por-covid-19-nesta-quarta-feira","status":"publish","type":"post","link":"https:\/\/blogdorogeriogomes.com.br\/noticias\/2020\/08\/nordeste-e-a-unica-regiao-do-pais-a-nao-ter-aceleracao-no-numero-de-mortes-por-covid-19-nesta-quarta-feira\/","title":{"rendered":"Nordeste \u00e9 a \u00fanica regi\u00e3o do Pa\u00eds a n\u00e3o ter acelera\u00e7\u00e3o no n\u00famero de mortes por Covid-19 nesta quarta-feira"},"content":{"rendered":"\n<p>A Regi\u00e3o Nordeste \u00e9 a \u00fanica no Pa\u00eds a n\u00e3o ter, nesta quarta-feira, dia 12 de agosto, nenhum estado em acelera\u00e7\u00e3o na m\u00e9dia m\u00f3vel de mortes por Covid-19. De acordo com dados do cons\u00f3rcio de imprensa, o Brasil tem hoje oito estados com queda nos \u00f3bitos em decorr\u00eancia da doen\u00e7a e seis, al\u00e9m do Distrito Federal, no caminho oposto, com escalada nos n\u00fameros.<\/p>\n\n\n\n<p>Entre as regi\u00f5es, quatro mantiveram estabilidade na varia\u00e7\u00e3o de 14 dias, Centro-Oeste (+2%), Nordeste (-11%), Norte (+2%) e Sudeste (-10%), e s\u00f3 o Sul (+16%) continua a ser a \u00fanica a apresentar acelera\u00e7\u00e3o.<\/p>\n\n\n\n<p>O Pa\u00eds registrou 1.164 novas mortes pela Covid-19 em 24 horas, somando 104.263 \u00f3bitos decorrentes da doen\u00e7a desde o in\u00edcio da pandemia. Foram confirmados 58.081 novos diagn\u00f3sticos entre ontem e hoje, totalizando 3.170.474 casos da doen\u00e7a.<\/p>\n\n\n\n<figure class=\"wp-block-image size-large\"><img loading=\"lazy\" decoding=\"async\" width=\"450\" height=\"337\" src=\"https:\/\/blogdorogeriogomes.com.br\/wp-content\/uploads\/2020\/08\/profissionais-de-saude-atendem-paciente-da-covid-19-em-hospital-de-campanha-no-rio-de-janeiro-1593813039101_v2_450x337.jpg\" alt=\"\" class=\"wp-image-17896\" srcset=\"https:\/\/blogdorogeriogomes.com.br\/noticias\/wp-content\/uploads\/2020\/08\/profissionais-de-saude-atendem-paciente-da-covid-19-em-hospital-de-campanha-no-rio-de-janeiro-1593813039101_v2_450x337.jpg 450w, https:\/\/blogdorogeriogomes.com.br\/noticias\/wp-content\/uploads\/2020\/08\/profissionais-de-saude-atendem-paciente-da-covid-19-em-hospital-de-campanha-no-rio-de-janeiro-1593813039101_v2_450x337-300x225.jpg 300w, https:\/\/blogdorogeriogomes.com.br\/noticias\/wp-content\/uploads\/2020\/08\/profissionais-de-saude-atendem-paciente-da-covid-19-em-hospital-de-campanha-no-rio-de-janeiro-1593813039101_v2_450x337-400x300.jpg 400w\" sizes=\"auto, (max-width: 450px) 100vw, 450px\" \/><\/figure>\n","protected":false},"excerpt":{"rendered":"<p>A Regi\u00e3o Nordeste \u00e9 a \u00fanica no Pa\u00eds a n\u00e3o ter, nesta quarta-feira, dia 12 de agosto, nenhum estado em acelera\u00e7\u00e3o na m\u00e9dia m\u00f3vel de mortes por Covid-19. De acordo com dados do cons\u00f3rcio de imprensa, o Brasil tem hoje oito estados com queda nos \u00f3bitos em decorr\u00eancia da doen\u00e7a e seis, al\u00e9m do Distrito Federal, no caminho oposto, com escalada nos n\u00fameros. Entre as regi\u00f5es, quatro mantiveram estabilidade na varia\u00e7\u00e3o de 14 dias, Centro-Oeste (+2%), Nordeste (-11%), Norte&hellip;<\/p>\n","protected":false},"author":1,"featured_media":17896,"comment_status":"open","ping_status":"open","sticky":false,"template":"","format":"standard","meta":{"footnotes":""},"categories":[1],"tags":[],"class_list":["post-17895","post","type-post","status-publish","format-standard","has-post-thumbnail","hentry","category-noticias"],"_links":{"self":[{"href":"https:\/\/blogdorogeriogomes.com.br\/noticias\/wp-json\/wp\/v2\/posts\/17895","targetHints":{"allow":["GET"]}}],"collection":[{"href":"https:\/\/blogdorogeriogomes.com.br\/noticias\/wp-json\/wp\/v2\/posts"}],"about":[{"href":"https:\/\/blogdorogeriogomes.com.br\/noticias\/wp-json\/wp\/v2\/types\/post"}],"author":[{"embeddable":true,"href":"https:\/\/blogdorogeriogomes.com.br\/noticias\/wp-json\/wp\/v2\/users\/1"}],"replies":[{"embeddable":true,"href":"https:\/\/blogdorogeriogomes.com.br\/noticias\/wp-json\/wp\/v2\/comments?post=17895"}],"version-history":[{"count":1,"href":"https:\/\/blogdorogeriogomes.com.br\/noticias\/wp-json\/wp\/v2\/posts\/17895\/revisions"}],"predecessor-version":[{"id":17897,"href":"https:\/\/blogdorogeriogomes.com.br\/noticias\/wp-json\/wp\/v2\/posts\/17895\/revisions\/17897"}],"wp:featuredmedia":[{"embeddable":true,"href":"https:\/\/blogdorogeriogomes.com.br\/noticias\/wp-json\/wp\/v2\/media\/17896"}],"wp:attachment":[{"href":"https:\/\/blogdorogeriogomes.com.br\/noticias\/wp-json\/wp\/v2\/media?parent=17895"}],"wp:term":[{"taxonomy":"category","embeddable":true,"href":"https:\/\/blogdorogeriogomes.com.br\/noticias\/wp-json\/wp\/v2\/categories?post=17895"},{"taxonomy":"post_tag","embeddable":true,"href":"https:\/\/blogdorogeriogomes.com.br\/noticias\/wp-json\/wp\/v2\/tags?post=17895"}],"curies":[{"name":"wp","href":"https:\/\/api.w.org\/{rel}","templated":true}]}}