{"id":17898,"date":"2020-08-13T09:15:18","date_gmt":"2020-08-13T09:15:18","guid":{"rendered":"https:\/\/blogdorogeriogomes.com.br\/?p=17898"},"modified":"2020-08-14T13:02:28","modified_gmt":"2020-08-14T13:02:28","slug":"ministerio-da-educacao-promove-novo-corte-nos-recursos-das-universidades-federais","status":"publish","type":"post","link":"https:\/\/blogdorogeriogomes.com.br\/noticias\/2020\/08\/ministerio-da-educacao-promove-novo-corte-nos-recursos-das-universidades-federais\/","title":{"rendered":"Minist\u00e9rio da Educa\u00e7\u00e3o promove novo corte nos recursos das universidades federais"},"content":{"rendered":"\n<p>O Governo Federal promove um novo golpe no funcionamento das universidades p\u00fablicas federais. O Minist\u00e9rio da Educa\u00e7\u00e3o (MEC) dever\u00e1 realizar corte de at\u00e9 R$ 1,2 bilh\u00e3o no or\u00e7amento das universidades e institutos federais em 2021. A pasta ter\u00e1 verba 18,2% menor no pr\u00f3ximo ano, mesma redu\u00e7\u00e3o que deve ser aplicada \u00e0s institui\u00e7\u00f5es de ensino superior. Os valores do or\u00e7amento de 2021 para o MEC constam em um documento divulgado nesta ter\u00e7a-feira, dia 11 de agosto, pelo Minist\u00e9rio da Economia. \u00c9 o segundo corte consecutivo na verba anual da pasta. O \u00faltimo foi de 8,2% de 2019 para 2020.<\/p>\n\n\n\n<p>O corte ser\u00e1 aplicado nas verbas discricion\u00e1rias (n\u00e3o-obrigat\u00f3rias), que incluem pagamentos de despesas como funcion\u00e1rios terceirizados e contas de \u00e1gua e energia. Tamb\u00e9m est\u00e1 nessa categoria o valor destinado \u00e0 assist\u00eancia estudantil, que atende alunos em situa\u00e7\u00e3o de vulnerabilidade econ\u00f4mica nessas institui\u00e7\u00f5es e \u00f3rg\u00e3os como os restaurantes universit\u00e1rios.<\/p>\n\n\n\n<p>O presidente da Associa\u00e7\u00e3o Nacional dos Dirigentes das Institui\u00e7\u00f5es Federais de Ensino Superior (Andifes), Edward Madureira, afirmou em coletiva na tarde desta quarta-feira, 12, que a redu\u00e7\u00e3o inviabiliza o funcionamento das institui\u00e7\u00f5es.<\/p>\n\n\n\n<figure class=\"wp-block-image size-large\"><img loading=\"lazy\" decoding=\"async\" width=\"450\" height=\"337\" src=\"https:\/\/blogdorogeriogomes.com.br\/wp-content\/uploads\/2020\/08\/images-4-1.jpeg\" alt=\"\" class=\"wp-image-17899\" srcset=\"https:\/\/blogdorogeriogomes.com.br\/noticias\/wp-content\/uploads\/2020\/08\/images-4-1.jpeg 450w, https:\/\/blogdorogeriogomes.com.br\/noticias\/wp-content\/uploads\/2020\/08\/images-4-1-300x225.jpeg 300w, https:\/\/blogdorogeriogomes.com.br\/noticias\/wp-content\/uploads\/2020\/08\/images-4-1-400x300.jpeg 400w\" sizes=\"auto, (max-width: 450px) 100vw, 450px\" \/><\/figure>\n\n\n\n<p><\/p>\n","protected":false},"excerpt":{"rendered":"<p>O Governo Federal promove um novo golpe no funcionamento das universidades p\u00fablicas federais. O Minist\u00e9rio da Educa\u00e7\u00e3o (MEC) dever\u00e1 realizar corte de at\u00e9 R$ 1,2 bilh\u00e3o no or\u00e7amento das universidades e institutos federais em 2021. A pasta ter\u00e1 verba 18,2% menor no pr\u00f3ximo ano, mesma redu\u00e7\u00e3o que deve ser aplicada \u00e0s institui\u00e7\u00f5es de ensino superior. Os valores do or\u00e7amento de 2021 para o MEC constam em um documento divulgado nesta ter\u00e7a-feira, dia 11 de agosto, pelo Minist\u00e9rio da Economia.&hellip;<\/p>\n","protected":false},"author":1,"featured_media":17899,"comment_status":"open","ping_status":"open","sticky":false,"template":"","format":"standard","meta":{"footnotes":""},"categories":[1],"tags":[],"class_list":["post-17898","post","type-post","status-publish","format-standard","has-post-thumbnail","hentry","category-noticias"],"_links":{"self":[{"href":"https:\/\/blogdorogeriogomes.com.br\/noticias\/wp-json\/wp\/v2\/posts\/17898","targetHints":{"allow":["GET"]}}],"collection":[{"href":"https:\/\/blogdorogeriogomes.com.br\/noticias\/wp-json\/wp\/v2\/posts"}],"about":[{"href":"https:\/\/blogdorogeriogomes.com.br\/noticias\/wp-json\/wp\/v2\/types\/post"}],"author":[{"embeddable":true,"href":"https:\/\/blogdorogeriogomes.com.br\/noticias\/wp-json\/wp\/v2\/users\/1"}],"replies":[{"embeddable":true,"href":"https:\/\/blogdorogeriogomes.com.br\/noticias\/wp-json\/wp\/v2\/comments?post=17898"}],"version-history":[{"count":1,"href":"https:\/\/blogdorogeriogomes.com.br\/noticias\/wp-json\/wp\/v2\/posts\/17898\/revisions"}],"predecessor-version":[{"id":17900,"href":"https:\/\/blogdorogeriogomes.com.br\/noticias\/wp-json\/wp\/v2\/posts\/17898\/revisions\/17900"}],"wp:featuredmedia":[{"embeddable":true,"href":"https:\/\/blogdorogeriogomes.com.br\/noticias\/wp-json\/wp\/v2\/media\/17899"}],"wp:attachment":[{"href":"https:\/\/blogdorogeriogomes.com.br\/noticias\/wp-json\/wp\/v2\/media?parent=17898"}],"wp:term":[{"taxonomy":"category","embeddable":true,"href":"https:\/\/blogdorogeriogomes.com.br\/noticias\/wp-json\/wp\/v2\/categories?post=17898"},{"taxonomy":"post_tag","embeddable":true,"href":"https:\/\/blogdorogeriogomes.com.br\/noticias\/wp-json\/wp\/v2\/tags?post=17898"}],"curies":[{"name":"wp","href":"https:\/\/api.w.org\/{rel}","templated":true}]}}