{"id":17901,"date":"2020-08-13T09:37:12","date_gmt":"2020-08-13T09:37:12","guid":{"rendered":"https:\/\/blogdorogeriogomes.com.br\/?p=17901"},"modified":"2020-08-14T13:02:20","modified_gmt":"2020-08-14T13:02:20","slug":"governo-federal-quer-que-as-empresas-possam-ter-ate-50-dos-empregados-com-contrato-por-hora","status":"publish","type":"post","link":"https:\/\/blogdorogeriogomes.com.br\/noticias\/2020\/08\/governo-federal-quer-que-as-empresas-possam-ter-ate-50-dos-empregados-com-contrato-por-hora\/","title":{"rendered":"Governo Federal quer que as empresas possam ter at\u00e9 50% dos empregados com contrato por hora"},"content":{"rendered":"\n<p>A \u00faltima reforma trabalhista aprovada no governo do ex-presidente Michel Temer, prometia gerar empregos e n\u00e3o teve nenhum impacto positivo no mercado de trabalho. Agora, o presidente Jair Bolsonaro aparece com uma proposta que pode vir a precarizar ainda mais as regras trabalhistas, com sal\u00e1rios pagos por hora e n\u00e3o mais fixados em valores mensais. A ideia \u00e9 a base do projeto da carteira de trabalho verde-amarela.<\/p>\n\n\n\n<p>O Governo Federal quer que as empresas possam ter at\u00e9 50% dos empregados com contrato por hora, como forma de criar novos postos de trabalho. O projeto que deve ser enviado ao Congresso prev\u00ea uma implanta\u00e7\u00e3o gradual: no primeiro ano, as empresas poderiam ter 10% dos empregados contratados pelo regime de pagamento por hora trabalhada. No segundo ano, 20% e, no terceiro, 30%.<\/p>\n\n\n\n<p>Especialistas dizem que a medida pode criar empregos, mas causar a demiss\u00e3o dos trabalhadores atuais, porque os outros seriam mais baratos.<\/p>\n\n\n\n<figure class=\"wp-block-image size-large\"><img loading=\"lazy\" decoding=\"async\" width=\"658\" height=\"466\" src=\"https:\/\/blogdorogeriogomes.com.br\/wp-content\/uploads\/2020\/08\/images-5-1.jpeg\" alt=\"\" class=\"wp-image-17902\" srcset=\"https:\/\/blogdorogeriogomes.com.br\/noticias\/wp-content\/uploads\/2020\/08\/images-5-1.jpeg 658w, https:\/\/blogdorogeriogomes.com.br\/noticias\/wp-content\/uploads\/2020\/08\/images-5-1-300x212.jpeg 300w\" sizes=\"auto, (max-width: 658px) 100vw, 658px\" \/><\/figure>\n","protected":false},"excerpt":{"rendered":"<p>A \u00faltima reforma trabalhista aprovada no governo do ex-presidente Michel Temer, prometia gerar empregos e n\u00e3o teve nenhum impacto positivo no mercado de trabalho. Agora, o presidente Jair Bolsonaro aparece com uma proposta que pode vir a precarizar ainda mais as regras trabalhistas, com sal\u00e1rios pagos por hora e n\u00e3o mais fixados em valores mensais. A ideia \u00e9 a base do projeto da carteira de trabalho verde-amarela. O Governo Federal quer que as empresas possam ter at\u00e9 50% dos&hellip;<\/p>\n","protected":false},"author":1,"featured_media":17902,"comment_status":"open","ping_status":"open","sticky":false,"template":"","format":"standard","meta":{"footnotes":""},"categories":[1],"tags":[],"class_list":["post-17901","post","type-post","status-publish","format-standard","has-post-thumbnail","hentry","category-noticias"],"_links":{"self":[{"href":"https:\/\/blogdorogeriogomes.com.br\/noticias\/wp-json\/wp\/v2\/posts\/17901","targetHints":{"allow":["GET"]}}],"collection":[{"href":"https:\/\/blogdorogeriogomes.com.br\/noticias\/wp-json\/wp\/v2\/posts"}],"about":[{"href":"https:\/\/blogdorogeriogomes.com.br\/noticias\/wp-json\/wp\/v2\/types\/post"}],"author":[{"embeddable":true,"href":"https:\/\/blogdorogeriogomes.com.br\/noticias\/wp-json\/wp\/v2\/users\/1"}],"replies":[{"embeddable":true,"href":"https:\/\/blogdorogeriogomes.com.br\/noticias\/wp-json\/wp\/v2\/comments?post=17901"}],"version-history":[{"count":1,"href":"https:\/\/blogdorogeriogomes.com.br\/noticias\/wp-json\/wp\/v2\/posts\/17901\/revisions"}],"predecessor-version":[{"id":17903,"href":"https:\/\/blogdorogeriogomes.com.br\/noticias\/wp-json\/wp\/v2\/posts\/17901\/revisions\/17903"}],"wp:featuredmedia":[{"embeddable":true,"href":"https:\/\/blogdorogeriogomes.com.br\/noticias\/wp-json\/wp\/v2\/media\/17902"}],"wp:attachment":[{"href":"https:\/\/blogdorogeriogomes.com.br\/noticias\/wp-json\/wp\/v2\/media?parent=17901"}],"wp:term":[{"taxonomy":"category","embeddable":true,"href":"https:\/\/blogdorogeriogomes.com.br\/noticias\/wp-json\/wp\/v2\/categories?post=17901"},{"taxonomy":"post_tag","embeddable":true,"href":"https:\/\/blogdorogeriogomes.com.br\/noticias\/wp-json\/wp\/v2\/tags?post=17901"}],"curies":[{"name":"wp","href":"https:\/\/api.w.org\/{rel}","templated":true}]}}