{"id":17904,"date":"2020-08-13T18:36:09","date_gmt":"2020-08-13T18:36:09","guid":{"rendered":"https:\/\/blogdorogeriogomes.com.br\/?p=17904"},"modified":"2020-08-14T13:02:23","modified_gmt":"2020-08-14T13:02:23","slug":"assembleia-legislativa-define-que-voto-sobre-punicao-ao-deputado-estadual-andre-fernandes-sera-aberto","status":"publish","type":"post","link":"https:\/\/blogdorogeriogomes.com.br\/noticias\/2020\/08\/assembleia-legislativa-define-que-voto-sobre-punicao-ao-deputado-estadual-andre-fernandes-sera-aberto\/","title":{"rendered":"Assembleia Legislativa define que voto sobre puni\u00e7\u00e3o ao deputado estadual Andr\u00e9 Fernandes ser\u00e1 aberto"},"content":{"rendered":"\n<p>O parecer disciplinar com puni\u00e7\u00e3o do deputado Andr\u00e9 Fernandes (Republicanos) que prev\u00ea suspens\u00e3o de 30 dias do mandato por quebra de decoro ser\u00e1 votado de forma aberta pelo plen\u00e1rio da Assembleia Legislativa do Cear\u00e1. A decis\u00e3o de abrir o voto de todos os deputados estaduais foi tomada nesta quinta-feira, dia 13 de agosto, por 37 votos a favor e nenhum contra durante sess\u00e3o presencial. A expectativa \u00e9 que a vota\u00e7\u00e3o sobre a puni\u00e7\u00e3o contra Andr\u00e9 Fernandes aconte\u00e7a na pr\u00f3xima sess\u00e3o presencial, na quinta-feira, dia 20 de agosto.<\/p>\n\n\n\n<p>O deputado Andr\u00e9 Fernandes responde a processo \u00e9tico na Assembleia Legislativa, desde agosto do ano passado, por ter acusado o seu colega de Casa, deputado Nezinho Farias (PDT), de integrar organiza\u00e7\u00e3o criminosa, sem apresentar qualquer prova. A partir de ent\u00e3o, o processo come\u00e7ou a tramitar no Conselho de \u00c9tica da Casa.<\/p>\n\n\n\n<figure class=\"wp-block-image size-large\"><img loading=\"lazy\" decoding=\"async\" width=\"1024\" height=\"683\" src=\"https:\/\/blogdorogeriogomes.com.br\/wp-content\/uploads\/2020\/08\/dp-1024x683.jpg\" alt=\"\" class=\"wp-image-17905\" srcset=\"https:\/\/blogdorogeriogomes.com.br\/noticias\/wp-content\/uploads\/2020\/08\/dp-1024x683.jpg 1024w, https:\/\/blogdorogeriogomes.com.br\/noticias\/wp-content\/uploads\/2020\/08\/dp-300x200.jpg 300w, https:\/\/blogdorogeriogomes.com.br\/noticias\/wp-content\/uploads\/2020\/08\/dp-768x512.jpg 768w, https:\/\/blogdorogeriogomes.com.br\/noticias\/wp-content\/uploads\/2020\/08\/dp-1536x1024.jpg 1536w, https:\/\/blogdorogeriogomes.com.br\/noticias\/wp-content\/uploads\/2020\/08\/dp-800x534.jpg 800w, https:\/\/blogdorogeriogomes.com.br\/noticias\/wp-content\/uploads\/2020\/08\/dp.jpg 1555w\" sizes=\"auto, (max-width: 1024px) 100vw, 1024px\" \/><\/figure>\n","protected":false},"excerpt":{"rendered":"<p>O parecer disciplinar com puni\u00e7\u00e3o do deputado Andr\u00e9 Fernandes (Republicanos) que prev\u00ea suspens\u00e3o de 30 dias do mandato por quebra de decoro ser\u00e1 votado de forma aberta pelo plen\u00e1rio da Assembleia Legislativa do Cear\u00e1. A decis\u00e3o de abrir o voto de todos os deputados estaduais foi tomada nesta quinta-feira, dia 13 de agosto, por 37 votos a favor e nenhum contra durante sess\u00e3o presencial. A expectativa \u00e9 que a vota\u00e7\u00e3o sobre a puni\u00e7\u00e3o contra Andr\u00e9 Fernandes aconte\u00e7a na pr\u00f3xima&hellip;<\/p>\n","protected":false},"author":1,"featured_media":17905,"comment_status":"open","ping_status":"open","sticky":false,"template":"","format":"standard","meta":{"footnotes":""},"categories":[1],"tags":[],"class_list":["post-17904","post","type-post","status-publish","format-standard","has-post-thumbnail","hentry","category-noticias"],"_links":{"self":[{"href":"https:\/\/blogdorogeriogomes.com.br\/noticias\/wp-json\/wp\/v2\/posts\/17904","targetHints":{"allow":["GET"]}}],"collection":[{"href":"https:\/\/blogdorogeriogomes.com.br\/noticias\/wp-json\/wp\/v2\/posts"}],"about":[{"href":"https:\/\/blogdorogeriogomes.com.br\/noticias\/wp-json\/wp\/v2\/types\/post"}],"author":[{"embeddable":true,"href":"https:\/\/blogdorogeriogomes.com.br\/noticias\/wp-json\/wp\/v2\/users\/1"}],"replies":[{"embeddable":true,"href":"https:\/\/blogdorogeriogomes.com.br\/noticias\/wp-json\/wp\/v2\/comments?post=17904"}],"version-history":[{"count":1,"href":"https:\/\/blogdorogeriogomes.com.br\/noticias\/wp-json\/wp\/v2\/posts\/17904\/revisions"}],"predecessor-version":[{"id":17906,"href":"https:\/\/blogdorogeriogomes.com.br\/noticias\/wp-json\/wp\/v2\/posts\/17904\/revisions\/17906"}],"wp:featuredmedia":[{"embeddable":true,"href":"https:\/\/blogdorogeriogomes.com.br\/noticias\/wp-json\/wp\/v2\/media\/17905"}],"wp:attachment":[{"href":"https:\/\/blogdorogeriogomes.com.br\/noticias\/wp-json\/wp\/v2\/media?parent=17904"}],"wp:term":[{"taxonomy":"category","embeddable":true,"href":"https:\/\/blogdorogeriogomes.com.br\/noticias\/wp-json\/wp\/v2\/categories?post=17904"},{"taxonomy":"post_tag","embeddable":true,"href":"https:\/\/blogdorogeriogomes.com.br\/noticias\/wp-json\/wp\/v2\/tags?post=17904"}],"curies":[{"name":"wp","href":"https:\/\/api.w.org\/{rel}","templated":true}]}}