{"id":17917,"date":"2020-08-14T09:05:37","date_gmt":"2020-08-14T09:05:37","guid":{"rendered":"https:\/\/blogdorogeriogomes.com.br\/?p=17917"},"modified":"2020-08-14T13:01:05","modified_gmt":"2020-08-14T13:01:05","slug":"governo-do-estado-paga-a-primeira-parcela-do-13-salario-a-servidores-publicos-nesta-sexta-feira","status":"publish","type":"post","link":"https:\/\/blogdorogeriogomes.com.br\/noticias\/2020\/08\/governo-do-estado-paga-a-primeira-parcela-do-13-salario-a-servidores-publicos-nesta-sexta-feira\/","title":{"rendered":"Governo do Estado paga a primeira parcela do 13\u00b0 sal\u00e1rio a servidores p\u00fablicos nesta sexta-feira"},"content":{"rendered":"\n<p>Os 157.904 servidores ativos, inativos e pensionistas do Governo do Cear\u00e1 recebem, nesta sexta-feira, dia 14 de agosto, a primeira parcela do 13\u00b0 sal\u00e1rio de 2020. Ao todo ser\u00e3o R$ 420 milh\u00f5es creditados nas contas.<\/p>\n\n\n\n<p>A decis\u00e3o de antecipar a primeira parcela agora em agosto, mesmo diante da pandemia do coronav\u00edrus, foi tomada com toda a equipe econ\u00f4mica do Estado e confirma o equil\u00edbrio fiscal das contas do Governo, o que tem permitido implementar a medida nos \u00faltimos anos.<\/p>\n\n\n\n<p>O governador Camilo Santana salientou que o valor da antecipa\u00e7\u00e3o somado ao montante de R$ 850 milh\u00f5es da folha mensal de pagamento, j\u00e1 creditado no in\u00edcio do m\u00eas, representa um total de R$ 1.27 bilh\u00e3o injetados na economia do Estado no m\u00eas de agosto.<\/p>\n\n\n\n<figure class=\"wp-block-image size-large\"><img loading=\"lazy\" decoding=\"async\" width=\"640\" height=\"480\" src=\"https:\/\/blogdorogeriogomes.com.br\/wp-content\/uploads\/2020\/08\/images-8-1.jpeg\" alt=\"\" class=\"wp-image-17918\" srcset=\"https:\/\/blogdorogeriogomes.com.br\/noticias\/wp-content\/uploads\/2020\/08\/images-8-1.jpeg 640w, https:\/\/blogdorogeriogomes.com.br\/noticias\/wp-content\/uploads\/2020\/08\/images-8-1-300x225.jpeg 300w, https:\/\/blogdorogeriogomes.com.br\/noticias\/wp-content\/uploads\/2020\/08\/images-8-1-400x300.jpeg 400w\" sizes=\"auto, (max-width: 640px) 100vw, 640px\" \/><\/figure>\n","protected":false},"excerpt":{"rendered":"<p>Os 157.904 servidores ativos, inativos e pensionistas do Governo do Cear\u00e1 recebem, nesta sexta-feira, dia 14 de agosto, a primeira parcela do 13\u00b0 sal\u00e1rio de 2020. Ao todo ser\u00e3o R$ 420 milh\u00f5es creditados nas contas. A decis\u00e3o de antecipar a primeira parcela agora em agosto, mesmo diante da pandemia do coronav\u00edrus, foi tomada com toda a equipe econ\u00f4mica do Estado e confirma o equil\u00edbrio fiscal das contas do Governo, o que tem permitido implementar a medida nos \u00faltimos anos.&hellip;<\/p>\n","protected":false},"author":1,"featured_media":17918,"comment_status":"open","ping_status":"open","sticky":false,"template":"","format":"standard","meta":{"footnotes":""},"categories":[1],"tags":[],"class_list":["post-17917","post","type-post","status-publish","format-standard","has-post-thumbnail","hentry","category-noticias"],"_links":{"self":[{"href":"https:\/\/blogdorogeriogomes.com.br\/noticias\/wp-json\/wp\/v2\/posts\/17917","targetHints":{"allow":["GET"]}}],"collection":[{"href":"https:\/\/blogdorogeriogomes.com.br\/noticias\/wp-json\/wp\/v2\/posts"}],"about":[{"href":"https:\/\/blogdorogeriogomes.com.br\/noticias\/wp-json\/wp\/v2\/types\/post"}],"author":[{"embeddable":true,"href":"https:\/\/blogdorogeriogomes.com.br\/noticias\/wp-json\/wp\/v2\/users\/1"}],"replies":[{"embeddable":true,"href":"https:\/\/blogdorogeriogomes.com.br\/noticias\/wp-json\/wp\/v2\/comments?post=17917"}],"version-history":[{"count":1,"href":"https:\/\/blogdorogeriogomes.com.br\/noticias\/wp-json\/wp\/v2\/posts\/17917\/revisions"}],"predecessor-version":[{"id":17919,"href":"https:\/\/blogdorogeriogomes.com.br\/noticias\/wp-json\/wp\/v2\/posts\/17917\/revisions\/17919"}],"wp:featuredmedia":[{"embeddable":true,"href":"https:\/\/blogdorogeriogomes.com.br\/noticias\/wp-json\/wp\/v2\/media\/17918"}],"wp:attachment":[{"href":"https:\/\/blogdorogeriogomes.com.br\/noticias\/wp-json\/wp\/v2\/media?parent=17917"}],"wp:term":[{"taxonomy":"category","embeddable":true,"href":"https:\/\/blogdorogeriogomes.com.br\/noticias\/wp-json\/wp\/v2\/categories?post=17917"},{"taxonomy":"post_tag","embeddable":true,"href":"https:\/\/blogdorogeriogomes.com.br\/noticias\/wp-json\/wp\/v2\/tags?post=17917"}],"curies":[{"name":"wp","href":"https:\/\/api.w.org\/{rel}","templated":true}]}}