{"id":17920,"date":"2020-08-14T09:19:43","date_gmt":"2020-08-14T09:19:43","guid":{"rendered":"https:\/\/blogdorogeriogomes.com.br\/?p=17920"},"modified":"2020-08-14T13:00:59","modified_gmt":"2020-08-14T13:00:59","slug":"al-do-ceara-aprova-pec-que-institui-policia-penal-no-estado","status":"publish","type":"post","link":"https:\/\/blogdorogeriogomes.com.br\/noticias\/2020\/08\/al-do-ceara-aprova-pec-que-institui-policia-penal-no-estado\/","title":{"rendered":"AL do Cear\u00e1 aprova PEC que institui Pol\u00edcia Penal no Estado"},"content":{"rendered":"\n<p>A Assembleia Legislativa do Cear\u00e1 aprovou nesta quinta-feira, dia 13 de agosto, o Projeto de Emenda Constitucional (PEC) que institui a Pol\u00edcia Penal do Cear\u00e1. Com a PEC, o preenchimento do quadro de servidores ser\u00e1 feito exclusivamente por concursos p\u00fablicos e por meio de transforma\u00e7\u00e3o dos cargos isolados de carreira dos atuais agentes e dos cargos p\u00fablicos equivalentes.<\/p>\n\n\n\n<p>O projeto havia sido aprovado pelo Congresso Nacional, mas era necess\u00e1ria a regulamenta\u00e7\u00e3o por meio dos estados. O Cear\u00e1 \u00e9 o sexto estado brasileiro onde foi institu\u00edda a Pol\u00edcia Penal.<\/p>\n\n\n\n<figure class=\"wp-block-image size-large\"><img loading=\"lazy\" decoding=\"async\" width=\"750\" height=\"500\" src=\"https:\/\/blogdorogeriogomes.com.br\/wp-content\/uploads\/2020\/08\/1_governo_vai_dar_posse_70_novos_agentes_penitenciarios_prisional_sistema_ceara_opovo-11365324.jpg\" alt=\"\" class=\"wp-image-17921\" srcset=\"https:\/\/blogdorogeriogomes.com.br\/noticias\/wp-content\/uploads\/2020\/08\/1_governo_vai_dar_posse_70_novos_agentes_penitenciarios_prisional_sistema_ceara_opovo-11365324.jpg 750w, https:\/\/blogdorogeriogomes.com.br\/noticias\/wp-content\/uploads\/2020\/08\/1_governo_vai_dar_posse_70_novos_agentes_penitenciarios_prisional_sistema_ceara_opovo-11365324-300x200.jpg 300w\" sizes=\"auto, (max-width: 750px) 100vw, 750px\" \/><\/figure>\n","protected":false},"excerpt":{"rendered":"<p>A Assembleia Legislativa do Cear\u00e1 aprovou nesta quinta-feira, dia 13 de agosto, o Projeto de Emenda Constitucional (PEC) que institui a Pol\u00edcia Penal do Cear\u00e1. Com a PEC, o preenchimento do quadro de servidores ser\u00e1 feito exclusivamente por concursos p\u00fablicos e por meio de transforma\u00e7\u00e3o dos cargos isolados de carreira dos atuais agentes e dos cargos p\u00fablicos equivalentes. O projeto havia sido aprovado pelo Congresso Nacional, mas era necess\u00e1ria a regulamenta\u00e7\u00e3o por meio dos estados. O Cear\u00e1 \u00e9 o&hellip;<\/p>\n","protected":false},"author":1,"featured_media":17921,"comment_status":"open","ping_status":"open","sticky":false,"template":"","format":"standard","meta":{"footnotes":""},"categories":[1],"tags":[],"class_list":["post-17920","post","type-post","status-publish","format-standard","has-post-thumbnail","hentry","category-noticias"],"_links":{"self":[{"href":"https:\/\/blogdorogeriogomes.com.br\/noticias\/wp-json\/wp\/v2\/posts\/17920","targetHints":{"allow":["GET"]}}],"collection":[{"href":"https:\/\/blogdorogeriogomes.com.br\/noticias\/wp-json\/wp\/v2\/posts"}],"about":[{"href":"https:\/\/blogdorogeriogomes.com.br\/noticias\/wp-json\/wp\/v2\/types\/post"}],"author":[{"embeddable":true,"href":"https:\/\/blogdorogeriogomes.com.br\/noticias\/wp-json\/wp\/v2\/users\/1"}],"replies":[{"embeddable":true,"href":"https:\/\/blogdorogeriogomes.com.br\/noticias\/wp-json\/wp\/v2\/comments?post=17920"}],"version-history":[{"count":1,"href":"https:\/\/blogdorogeriogomes.com.br\/noticias\/wp-json\/wp\/v2\/posts\/17920\/revisions"}],"predecessor-version":[{"id":17922,"href":"https:\/\/blogdorogeriogomes.com.br\/noticias\/wp-json\/wp\/v2\/posts\/17920\/revisions\/17922"}],"wp:featuredmedia":[{"embeddable":true,"href":"https:\/\/blogdorogeriogomes.com.br\/noticias\/wp-json\/wp\/v2\/media\/17921"}],"wp:attachment":[{"href":"https:\/\/blogdorogeriogomes.com.br\/noticias\/wp-json\/wp\/v2\/media?parent=17920"}],"wp:term":[{"taxonomy":"category","embeddable":true,"href":"https:\/\/blogdorogeriogomes.com.br\/noticias\/wp-json\/wp\/v2\/categories?post=17920"},{"taxonomy":"post_tag","embeddable":true,"href":"https:\/\/blogdorogeriogomes.com.br\/noticias\/wp-json\/wp\/v2\/tags?post=17920"}],"curies":[{"name":"wp","href":"https:\/\/api.w.org\/{rel}","templated":true}]}}