{"id":17923,"date":"2020-08-14T09:37:22","date_gmt":"2020-08-14T09:37:22","guid":{"rendered":"https:\/\/blogdorogeriogomes.com.br\/?p=17923"},"modified":"2020-08-14T13:00:38","modified_gmt":"2020-08-14T13:00:38","slug":"governo-bolsonaro-retira-quase-r-4-bi-dos-municipios-para-o-combate-ao-coronavirus","status":"publish","type":"post","link":"https:\/\/blogdorogeriogomes.com.br\/noticias\/2020\/08\/governo-bolsonaro-retira-quase-r-4-bi-dos-municipios-para-o-combate-ao-coronavirus\/","title":{"rendered":"Governo Bolsonaro retira quase R$ 4 bi dos munic\u00edpios para o combate ao coronav\u00edrus"},"content":{"rendered":"\n<p>Para o Governo Bolsonaro, a pandemia do coronav\u00edrus parece ter acabado, apesar dos mais de 100 mil mortos. Depois de querer empurrar a responsabilidade da trag\u00e9dia sanit\u00e1ria para governadores e prefeitos, agora o presidente Jair Bolsonaro determinou a retirada de R$ 3,9 bilh\u00f5es do montante j\u00e1 aprovado e que seria repassado a prefeitos de todo o Pa\u00eds. O Governo Federal j\u00e1 vinha sendo criticado ao longo dos \u00faltimos meses por demorar a liberar dinheiro para ajudar munic\u00edpios a lidarem com a pandemia do novo coronav\u00edrus.<\/p>\n\n\n\n<p>Esse valor representa 17% dos R$ 23,6 bilh\u00f5es prometidos at\u00e9 agora pela gest\u00e3o Jair Bolsonaro para que cidades abram novos leitos hospitalares, comprem rem\u00e9dios e tratem infectados.<\/p>\n\n\n\n<p>O fato foi constatado pelo Ipea (Instituto de Pesquisa Econ\u00f4mica Aplicada), funda\u00e7\u00e3o vinculada ao Minist\u00e9rio da Economia, e a comiss\u00e3o de or\u00e7amento do CNS (Conselho Nacional de Sa\u00fade) ao analisarem o sistema de presta\u00e7\u00e3o de contas do Minist\u00e9rio da Sa\u00fade.<\/p>\n\n\n\n<p>Em transmiss\u00e3o pelas redes sociais nesta quinta-feira, dia 13 de agosto, Bolsonaro diz que &#8220;n\u00e3o tem cabimento&#8221; ser acusado de ser respons\u00e1vel pelas 100 mil mortes da Covid-19 no Pa\u00eds e destacou que \u00e9 preciso &#8220;tocar a vida&#8221; e n\u00e3o se acovardar diante da pandemia. <\/p>\n\n\n\n<p>Quero ver argumentar isso com algu\u00e9m que perdeu algum familiar por coronav\u00edrus por falta de assist\u00eancia na rede de sa\u00fade p\u00fablica, onde faltou o apoio da Uni\u00e3o para enfrentar a pandemia.<\/p>\n\n\n\n<figure class=\"wp-block-image size-large\"><img loading=\"lazy\" decoding=\"async\" width=\"450\" height=\"450\" src=\"https:\/\/blogdorogeriogomes.com.br\/wp-content\/uploads\/2020\/08\/uma-mulher-reage-durante-um-enterro-em-massa-de-pessoas-que-faleceram-devido-a-doenca-de-coronavirus-no-cemiterio-parque-taruma-em-manaus-1590544467586_v2_450x450.jpg\" alt=\"\" class=\"wp-image-17924\" srcset=\"https:\/\/blogdorogeriogomes.com.br\/noticias\/wp-content\/uploads\/2020\/08\/uma-mulher-reage-durante-um-enterro-em-massa-de-pessoas-que-faleceram-devido-a-doenca-de-coronavirus-no-cemiterio-parque-taruma-em-manaus-1590544467586_v2_450x450.jpg 450w, https:\/\/blogdorogeriogomes.com.br\/noticias\/wp-content\/uploads\/2020\/08\/uma-mulher-reage-durante-um-enterro-em-massa-de-pessoas-que-faleceram-devido-a-doenca-de-coronavirus-no-cemiterio-parque-taruma-em-manaus-1590544467586_v2_450x450-300x300.jpg 300w, https:\/\/blogdorogeriogomes.com.br\/noticias\/wp-content\/uploads\/2020\/08\/uma-mulher-reage-durante-um-enterro-em-massa-de-pessoas-que-faleceram-devido-a-doenca-de-coronavirus-no-cemiterio-parque-taruma-em-manaus-1590544467586_v2_450x450-150x150.jpg 150w, https:\/\/blogdorogeriogomes.com.br\/noticias\/wp-content\/uploads\/2020\/08\/uma-mulher-reage-durante-um-enterro-em-massa-de-pessoas-que-faleceram-devido-a-doenca-de-coronavirus-no-cemiterio-parque-taruma-em-manaus-1590544467586_v2_450x450-250x250.jpg 250w\" sizes=\"auto, (max-width: 450px) 100vw, 450px\" \/><\/figure>\n\n\n\n<p><\/p>\n","protected":false},"excerpt":{"rendered":"<p>Para o Governo Bolsonaro, a pandemia do coronav\u00edrus parece ter acabado, apesar dos mais de 100 mil mortos. Depois de querer empurrar a responsabilidade da trag\u00e9dia sanit\u00e1ria para governadores e prefeitos, agora o presidente Jair Bolsonaro determinou a retirada de R$ 3,9 bilh\u00f5es do montante j\u00e1 aprovado e que seria repassado a prefeitos de todo o Pa\u00eds. O Governo Federal j\u00e1 vinha sendo criticado ao longo dos \u00faltimos meses por demorar a liberar dinheiro para ajudar munic\u00edpios a lidarem&hellip;<\/p>\n","protected":false},"author":1,"featured_media":17924,"comment_status":"open","ping_status":"open","sticky":false,"template":"","format":"standard","meta":{"footnotes":""},"categories":[1],"tags":[],"class_list":["post-17923","post","type-post","status-publish","format-standard","has-post-thumbnail","hentry","category-noticias"],"_links":{"self":[{"href":"https:\/\/blogdorogeriogomes.com.br\/noticias\/wp-json\/wp\/v2\/posts\/17923","targetHints":{"allow":["GET"]}}],"collection":[{"href":"https:\/\/blogdorogeriogomes.com.br\/noticias\/wp-json\/wp\/v2\/posts"}],"about":[{"href":"https:\/\/blogdorogeriogomes.com.br\/noticias\/wp-json\/wp\/v2\/types\/post"}],"author":[{"embeddable":true,"href":"https:\/\/blogdorogeriogomes.com.br\/noticias\/wp-json\/wp\/v2\/users\/1"}],"replies":[{"embeddable":true,"href":"https:\/\/blogdorogeriogomes.com.br\/noticias\/wp-json\/wp\/v2\/comments?post=17923"}],"version-history":[{"count":1,"href":"https:\/\/blogdorogeriogomes.com.br\/noticias\/wp-json\/wp\/v2\/posts\/17923\/revisions"}],"predecessor-version":[{"id":17925,"href":"https:\/\/blogdorogeriogomes.com.br\/noticias\/wp-json\/wp\/v2\/posts\/17923\/revisions\/17925"}],"wp:featuredmedia":[{"embeddable":true,"href":"https:\/\/blogdorogeriogomes.com.br\/noticias\/wp-json\/wp\/v2\/media\/17924"}],"wp:attachment":[{"href":"https:\/\/blogdorogeriogomes.com.br\/noticias\/wp-json\/wp\/v2\/media?parent=17923"}],"wp:term":[{"taxonomy":"category","embeddable":true,"href":"https:\/\/blogdorogeriogomes.com.br\/noticias\/wp-json\/wp\/v2\/categories?post=17923"},{"taxonomy":"post_tag","embeddable":true,"href":"https:\/\/blogdorogeriogomes.com.br\/noticias\/wp-json\/wp\/v2\/tags?post=17923"}],"curies":[{"name":"wp","href":"https:\/\/api.w.org\/{rel}","templated":true}]}}