{"id":17934,"date":"2020-08-14T21:09:03","date_gmt":"2020-08-14T21:09:03","guid":{"rendered":"https:\/\/blogdorogeriogomes.com.br\/?p=17934"},"modified":"2020-08-18T13:17:16","modified_gmt":"2020-08-18T13:17:16","slug":"hospital-de-campanha-do-pv-nao-tem-mais-nenhum-paciente-internado-nesta-sexta-feira","status":"publish","type":"post","link":"https:\/\/blogdorogeriogomes.com.br\/noticias\/2020\/08\/hospital-de-campanha-do-pv-nao-tem-mais-nenhum-paciente-internado-nesta-sexta-feira\/","title":{"rendered":"Hospital de Campanha do PV n\u00e3o tem mais nenhum paciente internado nesta sexta-feira"},"content":{"rendered":"\n<p>Montado para ampliar o atendimento a pacientes com Covid-19 em Fortaleza, o Hospital de Campanha do Est\u00e1dio Presidente Vargas (PV) n\u00e3o tinha mais nenhuma pessoa internada nesta sexta-feira, dia 14 de agosto. O Hospital do PV j\u00e1 realizou 1.239 atendimentos desde que come\u00e7ou a funcionar em abril deste ano, dos quais 140 pessoas morreram e&nbsp;1.025 foram curadas do coronav\u00edrus e receberam alta.<\/p>\n\n\n\n<p>A Secretaria de Sa\u00fade de Fortaleza ainda n\u00e3o definiu a data para a desativa\u00e7\u00e3o do equipamento, que tem capacidade de 280 leitos. O Cear\u00e1, incluindo Fortaleza, apresenta redu\u00e7\u00e3o no n\u00famero de casos e mortes pela Covid-19.&nbsp;Assim, no momento, o Hospital do PV j\u00e1 n\u00e3o aparece mais nos levantamentos di\u00e1rios do IntegraSUS, plataforma de dados da Secretaria da Sa\u00fade do Estado (Sesa).<\/p>\n\n\n\n<figure class=\"wp-block-image size-large\"><img loading=\"lazy\" decoding=\"async\" width=\"293\" height=\"172\" src=\"https:\/\/blogdorogeriogomes.com.br\/wp-content\/uploads\/2020\/08\/images-10.jpeg\" alt=\"\" class=\"wp-image-17935\"\/><\/figure>\n","protected":false},"excerpt":{"rendered":"<p>Montado para ampliar o atendimento a pacientes com Covid-19 em Fortaleza, o Hospital de Campanha do Est\u00e1dio Presidente Vargas (PV) n\u00e3o tinha mais nenhuma pessoa internada nesta sexta-feira, dia 14 de agosto. O Hospital do PV j\u00e1 realizou 1.239 atendimentos desde que come\u00e7ou a funcionar em abril deste ano, dos quais 140 pessoas morreram e&nbsp;1.025 foram curadas do coronav\u00edrus e receberam alta. A Secretaria de Sa\u00fade de Fortaleza ainda n\u00e3o definiu a data para a desativa\u00e7\u00e3o do equipamento, que&hellip;<\/p>\n","protected":false},"author":1,"featured_media":17935,"comment_status":"open","ping_status":"open","sticky":false,"template":"","format":"standard","meta":{"footnotes":""},"categories":[1],"tags":[],"class_list":["post-17934","post","type-post","status-publish","format-standard","has-post-thumbnail","hentry","category-noticias"],"_links":{"self":[{"href":"https:\/\/blogdorogeriogomes.com.br\/noticias\/wp-json\/wp\/v2\/posts\/17934","targetHints":{"allow":["GET"]}}],"collection":[{"href":"https:\/\/blogdorogeriogomes.com.br\/noticias\/wp-json\/wp\/v2\/posts"}],"about":[{"href":"https:\/\/blogdorogeriogomes.com.br\/noticias\/wp-json\/wp\/v2\/types\/post"}],"author":[{"embeddable":true,"href":"https:\/\/blogdorogeriogomes.com.br\/noticias\/wp-json\/wp\/v2\/users\/1"}],"replies":[{"embeddable":true,"href":"https:\/\/blogdorogeriogomes.com.br\/noticias\/wp-json\/wp\/v2\/comments?post=17934"}],"version-history":[{"count":2,"href":"https:\/\/blogdorogeriogomes.com.br\/noticias\/wp-json\/wp\/v2\/posts\/17934\/revisions"}],"predecessor-version":[{"id":17967,"href":"https:\/\/blogdorogeriogomes.com.br\/noticias\/wp-json\/wp\/v2\/posts\/17934\/revisions\/17967"}],"wp:featuredmedia":[{"embeddable":true,"href":"https:\/\/blogdorogeriogomes.com.br\/noticias\/wp-json\/wp\/v2\/media\/17935"}],"wp:attachment":[{"href":"https:\/\/blogdorogeriogomes.com.br\/noticias\/wp-json\/wp\/v2\/media?parent=17934"}],"wp:term":[{"taxonomy":"category","embeddable":true,"href":"https:\/\/blogdorogeriogomes.com.br\/noticias\/wp-json\/wp\/v2\/categories?post=17934"},{"taxonomy":"post_tag","embeddable":true,"href":"https:\/\/blogdorogeriogomes.com.br\/noticias\/wp-json\/wp\/v2\/tags?post=17934"}],"curies":[{"name":"wp","href":"https:\/\/api.w.org\/{rel}","templated":true}]}}