{"id":17937,"date":"2020-08-15T14:05:44","date_gmt":"2020-08-15T14:05:44","guid":{"rendered":"https:\/\/blogdorogeriogomes.com.br\/?p=17937"},"modified":"2020-08-18T13:17:06","modified_gmt":"2020-08-18T13:17:06","slug":"camilo-santana-libera-novos-setores-da-economia-em-sobral-no-sertao-central-e-litoral-leste","status":"publish","type":"post","link":"https:\/\/blogdorogeriogomes.com.br\/noticias\/2020\/08\/camilo-santana-libera-novos-setores-da-economia-em-sobral-no-sertao-central-e-litoral-leste\/","title":{"rendered":"Camilo Santana libera novos setores da economia em Sobral, no Sert\u00e3o Central e Litoral Leste"},"content":{"rendered":"\n<p>O governador do Cear\u00e1, Camilo Santana, anunciou nesta sexta-feira, dia 14 de agosto, a atualiza\u00e7\u00e3o sobre a aplica\u00e7\u00e3o das etapas do Plano de Retomada Respons\u00e1vel das Atividades Econ\u00f4micas e Comportamentais nas macrorregi\u00f5es de sa\u00fade cearenses. O novo decreto valer\u00e1 a partir da pr\u00f3xima segunda-feira, dia 17. Os restaurantes das macrorregi\u00f5es de Sobral, Sert\u00e3o Central e Litoral Leste\/Jaguaribe estar\u00e3o liberados a funcionar com 50% da capacidade. As tr\u00eas regi\u00f5es avan\u00e7am para a Fase 3 do Plano de Retomada Respons\u00e1vel das Atividades Econ\u00f4micas. As cadeias da ind\u00fastria e do com\u00e9rcio ter\u00e3o 100% da m\u00e3o de obra autorizada a voltar ao trabalho nessas tr\u00eas regi\u00f5es cearenses e as celebra\u00e7\u00f5es religiosas podem ocorrer com limita\u00e7\u00e3o de 50% da capacidade.&nbsp;<\/p>\n\n\n\n<p>Os munic\u00edpios da Macrorregi\u00e3o de Fortaleza seguem na Fase 4 e que a Macrorregi\u00e3o do Cariri vai para a Fase 2 do plano.&nbsp;Escolas, universidades, bares, eventos, shows e cinemas na Capital e interior do Estado seguem sem prazo para a retomada.&nbsp;<\/p>\n\n\n\n<figure class=\"wp-block-image size-large\"><img loading=\"lazy\" decoding=\"async\" width=\"678\" height=\"452\" src=\"https:\/\/blogdorogeriogomes.com.br\/wp-content\/uploads\/2020\/08\/images-11.jpeg\" alt=\"\" class=\"wp-image-17938\" srcset=\"https:\/\/blogdorogeriogomes.com.br\/noticias\/wp-content\/uploads\/2020\/08\/images-11.jpeg 678w, https:\/\/blogdorogeriogomes.com.br\/noticias\/wp-content\/uploads\/2020\/08\/images-11-300x200.jpeg 300w\" sizes=\"auto, (max-width: 678px) 100vw, 678px\" \/><\/figure>\n\n\n\n<p><\/p>\n","protected":false},"excerpt":{"rendered":"<p>O governador do Cear\u00e1, Camilo Santana, anunciou nesta sexta-feira, dia 14 de agosto, a atualiza\u00e7\u00e3o sobre a aplica\u00e7\u00e3o das etapas do Plano de Retomada Respons\u00e1vel das Atividades Econ\u00f4micas e Comportamentais nas macrorregi\u00f5es de sa\u00fade cearenses. O novo decreto valer\u00e1 a partir da pr\u00f3xima segunda-feira, dia 17. Os restaurantes das macrorregi\u00f5es de Sobral, Sert\u00e3o Central e Litoral Leste\/Jaguaribe estar\u00e3o liberados a funcionar com 50% da capacidade. As tr\u00eas regi\u00f5es avan\u00e7am para a Fase 3 do Plano de Retomada Respons\u00e1vel das&hellip;<\/p>\n","protected":false},"author":1,"featured_media":17938,"comment_status":"open","ping_status":"open","sticky":false,"template":"","format":"standard","meta":{"footnotes":""},"categories":[1],"tags":[],"class_list":["post-17937","post","type-post","status-publish","format-standard","has-post-thumbnail","hentry","category-noticias"],"_links":{"self":[{"href":"https:\/\/blogdorogeriogomes.com.br\/noticias\/wp-json\/wp\/v2\/posts\/17937","targetHints":{"allow":["GET"]}}],"collection":[{"href":"https:\/\/blogdorogeriogomes.com.br\/noticias\/wp-json\/wp\/v2\/posts"}],"about":[{"href":"https:\/\/blogdorogeriogomes.com.br\/noticias\/wp-json\/wp\/v2\/types\/post"}],"author":[{"embeddable":true,"href":"https:\/\/blogdorogeriogomes.com.br\/noticias\/wp-json\/wp\/v2\/users\/1"}],"replies":[{"embeddable":true,"href":"https:\/\/blogdorogeriogomes.com.br\/noticias\/wp-json\/wp\/v2\/comments?post=17937"}],"version-history":[{"count":2,"href":"https:\/\/blogdorogeriogomes.com.br\/noticias\/wp-json\/wp\/v2\/posts\/17937\/revisions"}],"predecessor-version":[{"id":17966,"href":"https:\/\/blogdorogeriogomes.com.br\/noticias\/wp-json\/wp\/v2\/posts\/17937\/revisions\/17966"}],"wp:featuredmedia":[{"embeddable":true,"href":"https:\/\/blogdorogeriogomes.com.br\/noticias\/wp-json\/wp\/v2\/media\/17938"}],"wp:attachment":[{"href":"https:\/\/blogdorogeriogomes.com.br\/noticias\/wp-json\/wp\/v2\/media?parent=17937"}],"wp:term":[{"taxonomy":"category","embeddable":true,"href":"https:\/\/blogdorogeriogomes.com.br\/noticias\/wp-json\/wp\/v2\/categories?post=17937"},{"taxonomy":"post_tag","embeddable":true,"href":"https:\/\/blogdorogeriogomes.com.br\/noticias\/wp-json\/wp\/v2\/tags?post=17937"}],"curies":[{"name":"wp","href":"https:\/\/api.w.org\/{rel}","templated":true}]}}