{"id":17946,"date":"2020-08-17T09:31:02","date_gmt":"2020-08-17T09:31:02","guid":{"rendered":"https:\/\/blogdorogeriogomes.com.br\/?p=17946"},"modified":"2020-08-18T13:16:35","modified_gmt":"2020-08-18T13:16:35","slug":"procurador-da-lava-jato-deltan-dallagnol-sera-julgado-pelo-cnmp-nesta-terca-feira-e-pode-ser-afastado-da-lava-jato","status":"publish","type":"post","link":"https:\/\/blogdorogeriogomes.com.br\/noticias\/2020\/08\/procurador-da-lava-jato-deltan-dallagnol-sera-julgado-pelo-cnmp-nesta-terca-feira-e-pode-ser-afastado-da-lava-jato\/","title":{"rendered":"Procurador Deltan Dallagnol ser\u00e1 julgado pelo CNMP nesta ter\u00e7a-feira e pode ser afastado da Lava Jato"},"content":{"rendered":"\n<p>Acusado de irregularidades na condu\u00e7\u00e3o da Opera\u00e7\u00e3o Lava Jato em Curitiba, o procurador Deltan Dallagnol poder\u00e1 sofrer puni\u00e7\u00e3o ap\u00f3s julgamento desta ter\u00e7a-feira, dia 18 de agosto, no Conselho Nacional do Minist\u00e9rio P\u00fablico.&nbsp;H\u00e1 um forte movimento para afastar Dallagnol do comando das a\u00e7\u00f5es da Opera\u00e7\u00e3o Lava Jato.<\/p>\n\n\n\n<p>Tr\u00eas procedimentos envolvendo o chefe da Lava Jato em Curitiba est\u00e3o pautados para a sess\u00e3o do CNMP nesta ter\u00e7a-feira, entre eles, um pedido de remo\u00e7\u00e3o por interesse p\u00fablico.&nbsp;O procurador chegou a recorrer ao Supremo Tribunal Federal para travar dois deles: a\u00e7\u00f5es disciplinares movidas por Renan Calheiros (MDB-AL) e K\u00e1tia Abreu (PP-TO) que envolvem publica\u00e7\u00e3o nas redes sociais e supostas atitudes de promo\u00e7\u00e3o pessoal. O terceiro tem rela\u00e7\u00e3o com o powerpoint contra o ex-presidente Lula.<\/p>\n\n\n\n<figure class=\"wp-block-image size-large\"><img loading=\"lazy\" decoding=\"async\" width=\"610\" height=\"380\" src=\"https:\/\/blogdorogeriogomes.com.br\/wp-content\/uploads\/2020\/08\/20200811040820_70ee6b9bc046deb8e532c31443b6965b726557df4ff0dc4a933bbed33bdbdbc7.jpeg\" alt=\"\" class=\"wp-image-17947\" srcset=\"https:\/\/blogdorogeriogomes.com.br\/noticias\/wp-content\/uploads\/2020\/08\/20200811040820_70ee6b9bc046deb8e532c31443b6965b726557df4ff0dc4a933bbed33bdbdbc7.jpeg 610w, https:\/\/blogdorogeriogomes.com.br\/noticias\/wp-content\/uploads\/2020\/08\/20200811040820_70ee6b9bc046deb8e532c31443b6965b726557df4ff0dc4a933bbed33bdbdbc7-300x187.jpeg 300w\" sizes=\"auto, (max-width: 610px) 100vw, 610px\" \/><\/figure>\n","protected":false},"excerpt":{"rendered":"<p>Acusado de irregularidades na condu\u00e7\u00e3o da Opera\u00e7\u00e3o Lava Jato em Curitiba, o procurador Deltan Dallagnol poder\u00e1 sofrer puni\u00e7\u00e3o ap\u00f3s julgamento desta ter\u00e7a-feira, dia 18 de agosto, no Conselho Nacional do Minist\u00e9rio P\u00fablico.&nbsp;H\u00e1 um forte movimento para afastar Dallagnol do comando das a\u00e7\u00f5es da Opera\u00e7\u00e3o Lava Jato. Tr\u00eas procedimentos envolvendo o chefe da Lava Jato em Curitiba est\u00e3o pautados para a sess\u00e3o do CNMP nesta ter\u00e7a-feira, entre eles, um pedido de remo\u00e7\u00e3o por interesse p\u00fablico.&nbsp;O procurador chegou a recorrer ao&hellip;<\/p>\n","protected":false},"author":1,"featured_media":17947,"comment_status":"open","ping_status":"open","sticky":false,"template":"","format":"standard","meta":{"footnotes":""},"categories":[1],"tags":[],"class_list":["post-17946","post","type-post","status-publish","format-standard","has-post-thumbnail","hentry","category-noticias"],"_links":{"self":[{"href":"https:\/\/blogdorogeriogomes.com.br\/noticias\/wp-json\/wp\/v2\/posts\/17946","targetHints":{"allow":["GET"]}}],"collection":[{"href":"https:\/\/blogdorogeriogomes.com.br\/noticias\/wp-json\/wp\/v2\/posts"}],"about":[{"href":"https:\/\/blogdorogeriogomes.com.br\/noticias\/wp-json\/wp\/v2\/types\/post"}],"author":[{"embeddable":true,"href":"https:\/\/blogdorogeriogomes.com.br\/noticias\/wp-json\/wp\/v2\/users\/1"}],"replies":[{"embeddable":true,"href":"https:\/\/blogdorogeriogomes.com.br\/noticias\/wp-json\/wp\/v2\/comments?post=17946"}],"version-history":[{"count":2,"href":"https:\/\/blogdorogeriogomes.com.br\/noticias\/wp-json\/wp\/v2\/posts\/17946\/revisions"}],"predecessor-version":[{"id":17949,"href":"https:\/\/blogdorogeriogomes.com.br\/noticias\/wp-json\/wp\/v2\/posts\/17946\/revisions\/17949"}],"wp:featuredmedia":[{"embeddable":true,"href":"https:\/\/blogdorogeriogomes.com.br\/noticias\/wp-json\/wp\/v2\/media\/17947"}],"wp:attachment":[{"href":"https:\/\/blogdorogeriogomes.com.br\/noticias\/wp-json\/wp\/v2\/media?parent=17946"}],"wp:term":[{"taxonomy":"category","embeddable":true,"href":"https:\/\/blogdorogeriogomes.com.br\/noticias\/wp-json\/wp\/v2\/categories?post=17946"},{"taxonomy":"post_tag","embeddable":true,"href":"https:\/\/blogdorogeriogomes.com.br\/noticias\/wp-json\/wp\/v2\/tags?post=17946"}],"curies":[{"name":"wp","href":"https:\/\/api.w.org\/{rel}","templated":true}]}}