{"id":17950,"date":"2020-08-17T19:07:58","date_gmt":"2020-08-17T19:07:58","guid":{"rendered":"https:\/\/blogdorogeriogomes.com.br\/?p=17950"},"modified":"2020-08-18T13:16:23","modified_gmt":"2020-08-18T13:16:23","slug":"detran-retoma-em-fortaleza-os-testes-praticos-de-direcao-e-provas-de-legislacao-na-sede-da-maraponga","status":"publish","type":"post","link":"https:\/\/blogdorogeriogomes.com.br\/noticias\/2020\/08\/detran-retoma-em-fortaleza-os-testes-praticos-de-direcao-e-provas-de-legislacao-na-sede-da-maraponga\/","title":{"rendered":"Detran retoma em Fortaleza os testes pr\u00e1ticos de dire\u00e7\u00e3o e provas de Legisla\u00e7\u00e3o na sede da Maraponga"},"content":{"rendered":"\n<p>O Departamento Estadual de Tr\u00e2nsito do Cear\u00e1 retomou, em Fortaleza, a realiza\u00e7\u00e3o dos testes pr\u00e1ticos de dire\u00e7\u00e3o e das provas te\u00f3ricas de legisla\u00e7\u00e3o. O retorno segue o plano de retorno gradual das atividades presenciais do \u00f3rg\u00e3o, em conformidade com os decretos estaduais e as orienta\u00e7\u00f5es das autoridades sanit\u00e1rias.<\/p>\n\n\n\n<p>V\u00e1rios procedimentos foram estabelecidos, para que os testes sejam realizados de forma segura, desde a chegada e recep\u00e7\u00e3o dos alunos at\u00e9 a conclus\u00e3o do processo.<\/p>\n\n\n\n<p>Na primeira semana, o Detran operou com capacidade de 30%, representando uma m\u00e9dia de 80 testes pr\u00e1ticos de dire\u00e7\u00e3o realizados por dia e 60 testes te\u00f3ricos. A partir da&nbsp;segunda&nbsp;semana, essa capacidade ser\u00e1 ampliada, de forma gradual, at\u00e9 retornar, com seguran\u00e7a, a 100% da capacidade, em Fortaleza.<\/p>\n\n\n\n<figure class=\"wp-block-image size-large\"><img loading=\"lazy\" decoding=\"async\" width=\"1024\" height=\"576\" src=\"https:\/\/blogdorogeriogomes.com.br\/wp-content\/uploads\/2020\/08\/Retorno_Teste-Pr\u00e1tico-de-Dire\u00e7\u00e3o-1200x675-1-1024x576.png\" alt=\"\" class=\"wp-image-17951\" srcset=\"https:\/\/blogdorogeriogomes.com.br\/noticias\/wp-content\/uploads\/2020\/08\/Retorno_Teste-Pr\u00e1tico-de-Dire\u00e7\u00e3o-1200x675-1-1024x576.png 1024w, https:\/\/blogdorogeriogomes.com.br\/noticias\/wp-content\/uploads\/2020\/08\/Retorno_Teste-Pr\u00e1tico-de-Dire\u00e7\u00e3o-1200x675-1-300x169.png 300w, https:\/\/blogdorogeriogomes.com.br\/noticias\/wp-content\/uploads\/2020\/08\/Retorno_Teste-Pr\u00e1tico-de-Dire\u00e7\u00e3o-1200x675-1-768x432.png 768w, https:\/\/blogdorogeriogomes.com.br\/noticias\/wp-content\/uploads\/2020\/08\/Retorno_Teste-Pr\u00e1tico-de-Dire\u00e7\u00e3o-1200x675-1-800x450.png 800w, https:\/\/blogdorogeriogomes.com.br\/noticias\/wp-content\/uploads\/2020\/08\/Retorno_Teste-Pr\u00e1tico-de-Dire\u00e7\u00e3o-1200x675-1.png 1200w\" sizes=\"auto, (max-width: 1024px) 100vw, 1024px\" \/><\/figure>\n","protected":false},"excerpt":{"rendered":"<p>O Departamento Estadual de Tr\u00e2nsito do Cear\u00e1 retomou, em Fortaleza, a realiza\u00e7\u00e3o dos testes pr\u00e1ticos de dire\u00e7\u00e3o e das provas te\u00f3ricas de legisla\u00e7\u00e3o. O retorno segue o plano de retorno gradual das atividades presenciais do \u00f3rg\u00e3o, em conformidade com os decretos estaduais e as orienta\u00e7\u00f5es das autoridades sanit\u00e1rias. V\u00e1rios procedimentos foram estabelecidos, para que os testes sejam realizados de forma segura, desde a chegada e recep\u00e7\u00e3o dos alunos at\u00e9 a conclus\u00e3o do processo. Na primeira semana, o Detran operou&hellip;<\/p>\n","protected":false},"author":1,"featured_media":17951,"comment_status":"open","ping_status":"open","sticky":false,"template":"","format":"standard","meta":{"footnotes":""},"categories":[1],"tags":[],"class_list":["post-17950","post","type-post","status-publish","format-standard","has-post-thumbnail","hentry","category-noticias"],"_links":{"self":[{"href":"https:\/\/blogdorogeriogomes.com.br\/noticias\/wp-json\/wp\/v2\/posts\/17950","targetHints":{"allow":["GET"]}}],"collection":[{"href":"https:\/\/blogdorogeriogomes.com.br\/noticias\/wp-json\/wp\/v2\/posts"}],"about":[{"href":"https:\/\/blogdorogeriogomes.com.br\/noticias\/wp-json\/wp\/v2\/types\/post"}],"author":[{"embeddable":true,"href":"https:\/\/blogdorogeriogomes.com.br\/noticias\/wp-json\/wp\/v2\/users\/1"}],"replies":[{"embeddable":true,"href":"https:\/\/blogdorogeriogomes.com.br\/noticias\/wp-json\/wp\/v2\/comments?post=17950"}],"version-history":[{"count":2,"href":"https:\/\/blogdorogeriogomes.com.br\/noticias\/wp-json\/wp\/v2\/posts\/17950\/revisions"}],"predecessor-version":[{"id":17964,"href":"https:\/\/blogdorogeriogomes.com.br\/noticias\/wp-json\/wp\/v2\/posts\/17950\/revisions\/17964"}],"wp:featuredmedia":[{"embeddable":true,"href":"https:\/\/blogdorogeriogomes.com.br\/noticias\/wp-json\/wp\/v2\/media\/17951"}],"wp:attachment":[{"href":"https:\/\/blogdorogeriogomes.com.br\/noticias\/wp-json\/wp\/v2\/media?parent=17950"}],"wp:term":[{"taxonomy":"category","embeddable":true,"href":"https:\/\/blogdorogeriogomes.com.br\/noticias\/wp-json\/wp\/v2\/categories?post=17950"},{"taxonomy":"post_tag","embeddable":true,"href":"https:\/\/blogdorogeriogomes.com.br\/noticias\/wp-json\/wp\/v2\/tags?post=17950"}],"curies":[{"name":"wp","href":"https:\/\/api.w.org\/{rel}","templated":true}]}}