{"id":17953,"date":"2020-08-17T20:18:18","date_gmt":"2020-08-17T20:18:18","guid":{"rendered":"https:\/\/blogdorogeriogomes.com.br\/?p=17953"},"modified":"2020-08-18T13:16:15","modified_gmt":"2020-08-18T13:16:15","slug":"orcamento-federal-para-2021-tera-mais-recursos-para-militares-do-que-para-educacao-diz-estadao","status":"publish","type":"post","link":"https:\/\/blogdorogeriogomes.com.br\/noticias\/2020\/08\/orcamento-federal-para-2021-tera-mais-recursos-para-militares-do-que-para-educacao-diz-estadao\/","title":{"rendered":"Or\u00e7amento federal para 2021 ter\u00e1 mais recursos para militares do que para educa\u00e7\u00e3o, diz Estad\u00e3o"},"content":{"rendered":"\n<p>O or\u00e7amento do Governo Bolsonaro para 2021 ainda n\u00e3o foi enviado ao Congresso Nacional, mas o governo deve gastar mais com despesas militares do que com a educa\u00e7\u00e3o. A proposta para o ano que vem tem de ser enviada at\u00e9 o fim de agosto ao Congresso. O texto ter\u00e1 a previs\u00e3o de or\u00e7amento para cada minist\u00e9rio.<\/p>\n\n\n\n<p>O jornal &#8220;O Estado de S.Paulo&#8221; teve acesso ao texto, aos valores que est\u00e3o sendo discutidos no Minist\u00e9rio da Economia. E diz que &#8220;o governo de Jair Bolsonaro prev\u00ea reservar R$ 5,8 bilh\u00f5es a mais no Or\u00e7amento do ano que vem para despesas com militares do que com a educa\u00e7\u00e3o no pa\u00eds&#8221;.<\/p>\n\n\n\n<p>Segundo o Estad\u00e3o, &#8220;a Defesa ter\u00e1 um acr\u00e9scimo de 48,8% em rela\u00e7\u00e3o ao or\u00e7amento deste ano, passando de R$ 73 bilh\u00f5es para R$ 108,56 bilh\u00f5es em 2021. Enquanto isso, a verba do Minist\u00e9rio da Educa\u00e7\u00e3o (MEC) deve cair de R$ 103,1 bilh\u00f5es para R$ 102,9 bilh\u00f5es. Os valores, n\u00e3o corrigidos pela infla\u00e7\u00e3o, consideram todos os gastos das duas pastas, desde o pagamento de sal\u00e1rios, compra de equipamentos e projetos em andamento, o que inclui, no caso dos militares, a constru\u00e7\u00e3o de submarinos nucleares e compra de aeronaves.&#8221;<\/p>\n\n\n\n<figure class=\"wp-block-image size-large\"><img loading=\"lazy\" decoding=\"async\" width=\"590\" height=\"443\" src=\"https:\/\/blogdorogeriogomes.com.br\/wp-content\/uploads\/2020\/08\/images-14.jpeg\" alt=\"\" class=\"wp-image-17954\" srcset=\"https:\/\/blogdorogeriogomes.com.br\/noticias\/wp-content\/uploads\/2020\/08\/images-14.jpeg 590w, https:\/\/blogdorogeriogomes.com.br\/noticias\/wp-content\/uploads\/2020\/08\/images-14-300x225.jpeg 300w, https:\/\/blogdorogeriogomes.com.br\/noticias\/wp-content\/uploads\/2020\/08\/images-14-400x300.jpeg 400w\" sizes=\"auto, (max-width: 590px) 100vw, 590px\" \/><\/figure>\n","protected":false},"excerpt":{"rendered":"<p>O or\u00e7amento do Governo Bolsonaro para 2021 ainda n\u00e3o foi enviado ao Congresso Nacional, mas o governo deve gastar mais com despesas militares do que com a educa\u00e7\u00e3o. A proposta para o ano que vem tem de ser enviada at\u00e9 o fim de agosto ao Congresso. O texto ter\u00e1 a previs\u00e3o de or\u00e7amento para cada minist\u00e9rio. O jornal &#8220;O Estado de S.Paulo&#8221; teve acesso ao texto, aos valores que est\u00e3o sendo discutidos no Minist\u00e9rio da Economia. E diz que&hellip;<\/p>\n","protected":false},"author":1,"featured_media":17954,"comment_status":"open","ping_status":"open","sticky":false,"template":"","format":"standard","meta":{"footnotes":""},"categories":[1],"tags":[],"class_list":["post-17953","post","type-post","status-publish","format-standard","has-post-thumbnail","hentry","category-noticias"],"_links":{"self":[{"href":"https:\/\/blogdorogeriogomes.com.br\/noticias\/wp-json\/wp\/v2\/posts\/17953","targetHints":{"allow":["GET"]}}],"collection":[{"href":"https:\/\/blogdorogeriogomes.com.br\/noticias\/wp-json\/wp\/v2\/posts"}],"about":[{"href":"https:\/\/blogdorogeriogomes.com.br\/noticias\/wp-json\/wp\/v2\/types\/post"}],"author":[{"embeddable":true,"href":"https:\/\/blogdorogeriogomes.com.br\/noticias\/wp-json\/wp\/v2\/users\/1"}],"replies":[{"embeddable":true,"href":"https:\/\/blogdorogeriogomes.com.br\/noticias\/wp-json\/wp\/v2\/comments?post=17953"}],"version-history":[{"count":1,"href":"https:\/\/blogdorogeriogomes.com.br\/noticias\/wp-json\/wp\/v2\/posts\/17953\/revisions"}],"predecessor-version":[{"id":17955,"href":"https:\/\/blogdorogeriogomes.com.br\/noticias\/wp-json\/wp\/v2\/posts\/17953\/revisions\/17955"}],"wp:featuredmedia":[{"embeddable":true,"href":"https:\/\/blogdorogeriogomes.com.br\/noticias\/wp-json\/wp\/v2\/media\/17954"}],"wp:attachment":[{"href":"https:\/\/blogdorogeriogomes.com.br\/noticias\/wp-json\/wp\/v2\/media?parent=17953"}],"wp:term":[{"taxonomy":"category","embeddable":true,"href":"https:\/\/blogdorogeriogomes.com.br\/noticias\/wp-json\/wp\/v2\/categories?post=17953"},{"taxonomy":"post_tag","embeddable":true,"href":"https:\/\/blogdorogeriogomes.com.br\/noticias\/wp-json\/wp\/v2\/tags?post=17953"}],"curies":[{"name":"wp","href":"https:\/\/api.w.org\/{rel}","templated":true}]}}