{"id":17956,"date":"2020-08-18T09:29:57","date_gmt":"2020-08-18T09:29:57","guid":{"rendered":"https:\/\/blogdorogeriogomes.com.br\/?p=17956"},"modified":"2020-08-18T13:16:09","modified_gmt":"2020-08-18T13:16:09","slug":"deputado-federal-eduardo-bismark-assume-lideranca-da-bancada-cearense-no-congresso-ate-o-fim-do-ano","status":"publish","type":"post","link":"https:\/\/blogdorogeriogomes.com.br\/noticias\/2020\/08\/deputado-federal-eduardo-bismark-assume-lideranca-da-bancada-cearense-no-congresso-ate-o-fim-do-ano\/","title":{"rendered":"Deputado federal Eduardo Bismark assume lideran\u00e7a da bancada cearense no Congresso at\u00e9 o fim do ano"},"content":{"rendered":"\n<p>Com 22 deputados federais e tr\u00eas senadores, a bancada cearense no Congresso Nacional contar\u00e1 com um novo l\u00edder at\u00e9 o fim do ano. Trata-se do deputado federal Eduardo Bismark, do PDT. Ele vai substituir o tamb\u00e9m deputado federal Domingos Neto, que vai entrar de licen\u00e7a da fun\u00e7\u00e3o para coordenar campanhas para prefeito no interior do Cear\u00e1 pelo seu partido, o PSD.<\/p>\n\n\n\n<p>A interinidade na fun\u00e7\u00e3o vai exigir bastante de Eduardo Bismark, que \u00edntegra a bancada de oposi\u00e7\u00e3o ao Governo Bolsonaro. No caso de Domingos Neto, o deputado federal do PSD se mostra alinhado ao atual Governo. Mesmo assim, Eduardo Bismark acredita que vai conseguir gerenciar a rela\u00e7\u00e3o de emendas ao Or\u00e7amento Federal de 2021 para atender aos projetos estruturantes no Cear\u00e1. <\/p>\n\n\n\n<figure class=\"wp-block-image size-large\"><img loading=\"lazy\" decoding=\"async\" width=\"1024\" height=\"683\" src=\"https:\/\/blogdorogeriogomes.com.br\/wp-content\/uploads\/2020\/08\/Eduardo-Bismarck-Assessoria-1024x683.jpeg\" alt=\"\" class=\"wp-image-17958\" srcset=\"https:\/\/blogdorogeriogomes.com.br\/noticias\/wp-content\/uploads\/2020\/08\/Eduardo-Bismarck-Assessoria-1024x683.jpeg 1024w, https:\/\/blogdorogeriogomes.com.br\/noticias\/wp-content\/uploads\/2020\/08\/Eduardo-Bismarck-Assessoria-300x200.jpeg 300w, https:\/\/blogdorogeriogomes.com.br\/noticias\/wp-content\/uploads\/2020\/08\/Eduardo-Bismarck-Assessoria-768x512.jpeg 768w, https:\/\/blogdorogeriogomes.com.br\/noticias\/wp-content\/uploads\/2020\/08\/Eduardo-Bismarck-Assessoria-800x534.jpeg 800w, https:\/\/blogdorogeriogomes.com.br\/noticias\/wp-content\/uploads\/2020\/08\/Eduardo-Bismarck-Assessoria.jpeg 1280w\" sizes=\"auto, (max-width: 1024px) 100vw, 1024px\" \/><\/figure>\n","protected":false},"excerpt":{"rendered":"<p>Com 22 deputados federais e tr\u00eas senadores, a bancada cearense no Congresso Nacional contar\u00e1 com um novo l\u00edder at\u00e9 o fim do ano. Trata-se do deputado federal Eduardo Bismark, do PDT. Ele vai substituir o tamb\u00e9m deputado federal Domingos Neto, que vai entrar de licen\u00e7a da fun\u00e7\u00e3o para coordenar campanhas para prefeito no interior do Cear\u00e1 pelo seu partido, o PSD. A interinidade na fun\u00e7\u00e3o vai exigir bastante de Eduardo Bismark, que \u00edntegra a bancada de oposi\u00e7\u00e3o ao Governo&hellip;<\/p>\n","protected":false},"author":1,"featured_media":17958,"comment_status":"open","ping_status":"open","sticky":false,"template":"","format":"standard","meta":{"footnotes":""},"categories":[1],"tags":[],"class_list":["post-17956","post","type-post","status-publish","format-standard","has-post-thumbnail","hentry","category-noticias"],"_links":{"self":[{"href":"https:\/\/blogdorogeriogomes.com.br\/noticias\/wp-json\/wp\/v2\/posts\/17956","targetHints":{"allow":["GET"]}}],"collection":[{"href":"https:\/\/blogdorogeriogomes.com.br\/noticias\/wp-json\/wp\/v2\/posts"}],"about":[{"href":"https:\/\/blogdorogeriogomes.com.br\/noticias\/wp-json\/wp\/v2\/types\/post"}],"author":[{"embeddable":true,"href":"https:\/\/blogdorogeriogomes.com.br\/noticias\/wp-json\/wp\/v2\/users\/1"}],"replies":[{"embeddable":true,"href":"https:\/\/blogdorogeriogomes.com.br\/noticias\/wp-json\/wp\/v2\/comments?post=17956"}],"version-history":[{"count":1,"href":"https:\/\/blogdorogeriogomes.com.br\/noticias\/wp-json\/wp\/v2\/posts\/17956\/revisions"}],"predecessor-version":[{"id":17959,"href":"https:\/\/blogdorogeriogomes.com.br\/noticias\/wp-json\/wp\/v2\/posts\/17956\/revisions\/17959"}],"wp:featuredmedia":[{"embeddable":true,"href":"https:\/\/blogdorogeriogomes.com.br\/noticias\/wp-json\/wp\/v2\/media\/17958"}],"wp:attachment":[{"href":"https:\/\/blogdorogeriogomes.com.br\/noticias\/wp-json\/wp\/v2\/media?parent=17956"}],"wp:term":[{"taxonomy":"category","embeddable":true,"href":"https:\/\/blogdorogeriogomes.com.br\/noticias\/wp-json\/wp\/v2\/categories?post=17956"},{"taxonomy":"post_tag","embeddable":true,"href":"https:\/\/blogdorogeriogomes.com.br\/noticias\/wp-json\/wp\/v2\/tags?post=17956"}],"curies":[{"name":"wp","href":"https:\/\/api.w.org\/{rel}","templated":true}]}}