{"id":17960,"date":"2020-08-18T09:47:56","date_gmt":"2020-08-18T09:47:56","guid":{"rendered":"https:\/\/blogdorogeriogomes.com.br\/?p=17960"},"modified":"2020-08-18T13:16:00","modified_gmt":"2020-08-18T13:16:00","slug":"trabalhadores-dos-correios-deflagram-greve-em-todo-o-pais-por-reajuste-salarial-e-contra-a-privatizacao-da-estatal","status":"publish","type":"post","link":"https:\/\/blogdorogeriogomes.com.br\/noticias\/2020\/08\/trabalhadores-dos-correios-deflagram-greve-em-todo-o-pais-por-reajuste-salarial-e-contra-a-privatizacao-da-estatal\/","title":{"rendered":"Trabalhadores dos Correios deflagram greve em todo o Pa\u00eds por reajuste salarial e contra a privatiza\u00e7\u00e3o da estatal"},"content":{"rendered":"\n<p>Trabalhadores dos Correios em todo o Brasil deliberaram greve nacional em assembleias organizadas pelos sindicatos filiados, nesta segunda-feira, dia 17 de agosto. Os funcion\u00e1rios dos Correios v\u00e3o parar as atividades por tempo indeterminado contra a retirada de direitos, reajuste salarial, contra a privatiza\u00e7\u00e3o da empresa e neglig\u00eancia com a sa\u00fade dos trabalhadores em rela\u00e7\u00e3o \u00e0 Covid-19.&nbsp;<\/p>\n\n\n\n<p>A Federa\u00e7\u00e3o Nacional dos Trabalhadores em Empresas dos Correios e Similares tentam, desde o in\u00edcio de julho, dialogar com a dire\u00e7\u00e3o dos Correios em torno da pauta de negocia\u00e7\u00e3o. A categoria diz que foi surpreendida desde o dia 1\u00ba de agosto com a revoga\u00e7\u00e3o do atual Acordo Coletivo que estaria em vig\u00eancia at\u00e9 2021. Foram retiradas 70 cl\u00e1usulas com direitos como 30% do adicional de risco, vale alimenta\u00e7\u00e3o, licen\u00e7a maternidade de 180 dias, aux\u00edlio creche, indeniza\u00e7\u00e3o de morte, aux\u00edlio creche, indeniza\u00e7\u00e3o de morte e aux\u00edlio para filhos com necessidades especiais.<\/p>\n\n\n\n<figure class=\"wp-block-image size-large\"><img loading=\"lazy\" decoding=\"async\" width=\"580\" height=\"386\" src=\"https:\/\/blogdorogeriogomes.com.br\/wp-content\/uploads\/2020\/08\/images-1-3.jpeg\" alt=\"\" class=\"wp-image-17961\" srcset=\"https:\/\/blogdorogeriogomes.com.br\/noticias\/wp-content\/uploads\/2020\/08\/images-1-3.jpeg 580w, https:\/\/blogdorogeriogomes.com.br\/noticias\/wp-content\/uploads\/2020\/08\/images-1-3-300x200.jpeg 300w\" sizes=\"auto, (max-width: 580px) 100vw, 580px\" \/><\/figure>\n","protected":false},"excerpt":{"rendered":"<p>Trabalhadores dos Correios em todo o Brasil deliberaram greve nacional em assembleias organizadas pelos sindicatos filiados, nesta segunda-feira, dia 17 de agosto. Os funcion\u00e1rios dos Correios v\u00e3o parar as atividades por tempo indeterminado contra a retirada de direitos, reajuste salarial, contra a privatiza\u00e7\u00e3o da empresa e neglig\u00eancia com a sa\u00fade dos trabalhadores em rela\u00e7\u00e3o \u00e0 Covid-19.&nbsp; A Federa\u00e7\u00e3o Nacional dos Trabalhadores em Empresas dos Correios e Similares tentam, desde o in\u00edcio de julho, dialogar com a dire\u00e7\u00e3o dos Correios&hellip;<\/p>\n","protected":false},"author":1,"featured_media":17961,"comment_status":"open","ping_status":"open","sticky":false,"template":"","format":"standard","meta":{"footnotes":""},"categories":[1],"tags":[],"class_list":["post-17960","post","type-post","status-publish","format-standard","has-post-thumbnail","hentry","category-noticias"],"_links":{"self":[{"href":"https:\/\/blogdorogeriogomes.com.br\/noticias\/wp-json\/wp\/v2\/posts\/17960","targetHints":{"allow":["GET"]}}],"collection":[{"href":"https:\/\/blogdorogeriogomes.com.br\/noticias\/wp-json\/wp\/v2\/posts"}],"about":[{"href":"https:\/\/blogdorogeriogomes.com.br\/noticias\/wp-json\/wp\/v2\/types\/post"}],"author":[{"embeddable":true,"href":"https:\/\/blogdorogeriogomes.com.br\/noticias\/wp-json\/wp\/v2\/users\/1"}],"replies":[{"embeddable":true,"href":"https:\/\/blogdorogeriogomes.com.br\/noticias\/wp-json\/wp\/v2\/comments?post=17960"}],"version-history":[{"count":2,"href":"https:\/\/blogdorogeriogomes.com.br\/noticias\/wp-json\/wp\/v2\/posts\/17960\/revisions"}],"predecessor-version":[{"id":17963,"href":"https:\/\/blogdorogeriogomes.com.br\/noticias\/wp-json\/wp\/v2\/posts\/17960\/revisions\/17963"}],"wp:featuredmedia":[{"embeddable":true,"href":"https:\/\/blogdorogeriogomes.com.br\/noticias\/wp-json\/wp\/v2\/media\/17961"}],"wp:attachment":[{"href":"https:\/\/blogdorogeriogomes.com.br\/noticias\/wp-json\/wp\/v2\/media?parent=17960"}],"wp:term":[{"taxonomy":"category","embeddable":true,"href":"https:\/\/blogdorogeriogomes.com.br\/noticias\/wp-json\/wp\/v2\/categories?post=17960"},{"taxonomy":"post_tag","embeddable":true,"href":"https:\/\/blogdorogeriogomes.com.br\/noticias\/wp-json\/wp\/v2\/tags?post=17960"}],"curies":[{"name":"wp","href":"https:\/\/api.w.org\/{rel}","templated":true}]}}