{"id":17968,"date":"2020-08-18T18:29:51","date_gmt":"2020-08-18T18:29:51","guid":{"rendered":"https:\/\/blogdorogeriogomes.com.br\/?p=17968"},"modified":"2020-08-19T12:21:12","modified_gmt":"2020-08-19T12:21:12","slug":"prefeitura-da-capital-prorroga-calendario-de-vistorias-para-taxis-mototaxis-e-transporte-escolar-somente-para-2021","status":"publish","type":"post","link":"https:\/\/blogdorogeriogomes.com.br\/noticias\/2020\/08\/prefeitura-da-capital-prorroga-calendario-de-vistorias-para-taxis-mototaxis-e-transporte-escolar-somente-para-2021\/","title":{"rendered":"Prefeitura da Capital prorroga calend\u00e1rio de vistorias para t\u00e1xis, motot\u00e1xis e transporte escolar somente para 2021"},"content":{"rendered":"\n<p>O prefeito de Fortaleza, Roberto Cl\u00e1udio, sancionou o Projeto de Lei que prorroga at\u00e9 2021 o calend\u00e1rio de vistorias para ve\u00edculos nos modais t\u00e1xi, transporte individual de passageiros por aplicativo e transporte escolar. A mat\u00e9ria tinha sido aprovada na C\u00e2mara Municipal de Fortaleza.<\/p>\n\n\n\n<p>O&nbsp;Projeto de Lei surge como um incentivo \u00e0s categorias do transporte privado em Fortaleza, que sofreram impacto econ\u00f4mico gerado pela pandemia do coronav\u00edrus. A mat\u00e9ria promove ainda algumas altera\u00e7\u00f5es como a amplia\u00e7\u00e3o da idade m\u00e1xima dos ve\u00edculos para o ingresso no sistema motot\u00e1xi de Fortaleza. <\/p>\n\n\n\n<figure class=\"wp-block-image size-large\"><img loading=\"lazy\" decoding=\"async\" width=\"679\" height=\"452\" src=\"https:\/\/blogdorogeriogomes.com.br\/wp-content\/uploads\/2020\/08\/images-2-3.jpeg\" alt=\"\" class=\"wp-image-17969\" srcset=\"https:\/\/blogdorogeriogomes.com.br\/noticias\/wp-content\/uploads\/2020\/08\/images-2-3.jpeg 679w, https:\/\/blogdorogeriogomes.com.br\/noticias\/wp-content\/uploads\/2020\/08\/images-2-3-300x200.jpeg 300w\" sizes=\"auto, (max-width: 679px) 100vw, 679px\" \/><\/figure>\n","protected":false},"excerpt":{"rendered":"<p>O prefeito de Fortaleza, Roberto Cl\u00e1udio, sancionou o Projeto de Lei que prorroga at\u00e9 2021 o calend\u00e1rio de vistorias para ve\u00edculos nos modais t\u00e1xi, transporte individual de passageiros por aplicativo e transporte escolar. A mat\u00e9ria tinha sido aprovada na C\u00e2mara Municipal de Fortaleza. O&nbsp;Projeto de Lei surge como um incentivo \u00e0s categorias do transporte privado em Fortaleza, que sofreram impacto econ\u00f4mico gerado pela pandemia do coronav\u00edrus. A mat\u00e9ria promove ainda algumas altera\u00e7\u00f5es como a amplia\u00e7\u00e3o da idade m\u00e1xima dos&hellip;<\/p>\n","protected":false},"author":1,"featured_media":17969,"comment_status":"open","ping_status":"open","sticky":false,"template":"","format":"standard","meta":{"footnotes":""},"categories":[1],"tags":[],"class_list":["post-17968","post","type-post","status-publish","format-standard","has-post-thumbnail","hentry","category-noticias"],"_links":{"self":[{"href":"https:\/\/blogdorogeriogomes.com.br\/noticias\/wp-json\/wp\/v2\/posts\/17968","targetHints":{"allow":["GET"]}}],"collection":[{"href":"https:\/\/blogdorogeriogomes.com.br\/noticias\/wp-json\/wp\/v2\/posts"}],"about":[{"href":"https:\/\/blogdorogeriogomes.com.br\/noticias\/wp-json\/wp\/v2\/types\/post"}],"author":[{"embeddable":true,"href":"https:\/\/blogdorogeriogomes.com.br\/noticias\/wp-json\/wp\/v2\/users\/1"}],"replies":[{"embeddable":true,"href":"https:\/\/blogdorogeriogomes.com.br\/noticias\/wp-json\/wp\/v2\/comments?post=17968"}],"version-history":[{"count":2,"href":"https:\/\/blogdorogeriogomes.com.br\/noticias\/wp-json\/wp\/v2\/posts\/17968\/revisions"}],"predecessor-version":[{"id":17982,"href":"https:\/\/blogdorogeriogomes.com.br\/noticias\/wp-json\/wp\/v2\/posts\/17968\/revisions\/17982"}],"wp:featuredmedia":[{"embeddable":true,"href":"https:\/\/blogdorogeriogomes.com.br\/noticias\/wp-json\/wp\/v2\/media\/17969"}],"wp:attachment":[{"href":"https:\/\/blogdorogeriogomes.com.br\/noticias\/wp-json\/wp\/v2\/media?parent=17968"}],"wp:term":[{"taxonomy":"category","embeddable":true,"href":"https:\/\/blogdorogeriogomes.com.br\/noticias\/wp-json\/wp\/v2\/categories?post=17968"},{"taxonomy":"post_tag","embeddable":true,"href":"https:\/\/blogdorogeriogomes.com.br\/noticias\/wp-json\/wp\/v2\/tags?post=17968"}],"curies":[{"name":"wp","href":"https:\/\/api.w.org\/{rel}","templated":true}]}}