{"id":17971,"date":"2020-08-18T19:23:09","date_gmt":"2020-08-18T19:23:09","guid":{"rendered":"https:\/\/blogdorogeriogomes.com.br\/?p=17971"},"modified":"2020-08-19T12:21:14","modified_gmt":"2020-08-19T12:21:14","slug":"dr-cabeto-diz-nao-acreditar-que-o-ceara-venha-a-enfrentar-uma-segunda-onda-da-covid-19","status":"publish","type":"post","link":"https:\/\/blogdorogeriogomes.com.br\/noticias\/2020\/08\/dr-cabeto-diz-nao-acreditar-que-o-ceara-venha-a-enfrentar-uma-segunda-onda-da-covid-19\/","title":{"rendered":"Dr. Cabeto diz n\u00e3o acreditar que o Cear\u00e1 venha a enfrentar uma segunda onda da Covid-19"},"content":{"rendered":"\n<p>Diante dos n\u00fameros da Covid-19 no Cear\u00e1, nas \u00faltimas semanas, o secret\u00e1rio de Sa\u00fade do Estado, Carlos Roberto Martins, o Dr. Cabeto, diz n\u00e3o acreditar que o Cear\u00e1 venha a enfrentar uma segunda onda da doen\u00e7a. &#8220;Hoje, a minha percep\u00e7\u00e3o \u00e9 de que n\u00f3s n\u00e3o vamos ter uma segunda onda. N\u00f3s n\u00e3o temos qualquer indicador sobre isso&#8221;, afirmou Dr. Cabeto, durante o semin\u00e1rio online &#8220;O Futuro da Sa\u00fade&#8221;, nesta ter\u00e7a-feira, dia 18 de agosto.<\/p>\n\n\n\n<p>O secret\u00e1rio de Sa\u00fade do Cear\u00e1 avalia que o Estado pode ter atingido uma imunidade de rebanho, que ajuda a impedir a dissemina\u00e7\u00e3o do coronav\u00edrus. &#8220;A minha impress\u00e3o global \u00e9 que n\u00f3s temos uma imunidade de rebanho perto do que \u00e9 adequado e uma popula\u00e7\u00e3o que provavelmente vai ter pequenos aumentos ou pequenos surtos, mas n\u00f3s n\u00e3o vamos ter a segunda onda como estava se achando anteriormente&#8221;, sugeriu Dr. Cabeto.<\/p>\n\n\n\n<p>De acordo com os \u00faltimos n\u00fameros divulgados pela plataforma IntegraSUS, o Cear\u00e1 j\u00e1 registrou 199.258 casos confirmados da doen\u00e7a. Foram computadas 8.196 mortes pela Covid-19, enquanto 170.662 pacientes conseguiram se recuperar do coronav\u00edrus.<\/p>\n\n\n\n<figure class=\"wp-block-image size-large\"><img loading=\"lazy\" decoding=\"async\" width=\"1024\" height=\"576\" src=\"https:\/\/blogdorogeriogomes.com.br\/wp-content\/uploads\/2020\/08\/Camilo-e-Cabeto-1024x576.jpg\" alt=\"\" class=\"wp-image-17972\" srcset=\"https:\/\/blogdorogeriogomes.com.br\/noticias\/wp-content\/uploads\/2020\/08\/Camilo-e-Cabeto-1024x576.jpg 1024w, https:\/\/blogdorogeriogomes.com.br\/noticias\/wp-content\/uploads\/2020\/08\/Camilo-e-Cabeto-300x169.jpg 300w, https:\/\/blogdorogeriogomes.com.br\/noticias\/wp-content\/uploads\/2020\/08\/Camilo-e-Cabeto-768x432.jpg 768w, https:\/\/blogdorogeriogomes.com.br\/noticias\/wp-content\/uploads\/2020\/08\/Camilo-e-Cabeto-800x450.jpg 800w, https:\/\/blogdorogeriogomes.com.br\/noticias\/wp-content\/uploads\/2020\/08\/Camilo-e-Cabeto.jpg 1280w\" sizes=\"auto, (max-width: 1024px) 100vw, 1024px\" \/><\/figure>\n","protected":false},"excerpt":{"rendered":"<p>Diante dos n\u00fameros da Covid-19 no Cear\u00e1, nas \u00faltimas semanas, o secret\u00e1rio de Sa\u00fade do Estado, Carlos Roberto Martins, o Dr. Cabeto, diz n\u00e3o acreditar que o Cear\u00e1 venha a enfrentar uma segunda onda da doen\u00e7a. &#8220;Hoje, a minha percep\u00e7\u00e3o \u00e9 de que n\u00f3s n\u00e3o vamos ter uma segunda onda. N\u00f3s n\u00e3o temos qualquer indicador sobre isso&#8221;, afirmou Dr. Cabeto, durante o semin\u00e1rio online &#8220;O Futuro da Sa\u00fade&#8221;, nesta ter\u00e7a-feira, dia 18 de agosto. O secret\u00e1rio de Sa\u00fade do&hellip;<\/p>\n","protected":false},"author":1,"featured_media":17972,"comment_status":"open","ping_status":"open","sticky":false,"template":"","format":"standard","meta":{"footnotes":""},"categories":[1],"tags":[],"class_list":["post-17971","post","type-post","status-publish","format-standard","has-post-thumbnail","hentry","category-noticias"],"_links":{"self":[{"href":"https:\/\/blogdorogeriogomes.com.br\/noticias\/wp-json\/wp\/v2\/posts\/17971","targetHints":{"allow":["GET"]}}],"collection":[{"href":"https:\/\/blogdorogeriogomes.com.br\/noticias\/wp-json\/wp\/v2\/posts"}],"about":[{"href":"https:\/\/blogdorogeriogomes.com.br\/noticias\/wp-json\/wp\/v2\/types\/post"}],"author":[{"embeddable":true,"href":"https:\/\/blogdorogeriogomes.com.br\/noticias\/wp-json\/wp\/v2\/users\/1"}],"replies":[{"embeddable":true,"href":"https:\/\/blogdorogeriogomes.com.br\/noticias\/wp-json\/wp\/v2\/comments?post=17971"}],"version-history":[{"count":1,"href":"https:\/\/blogdorogeriogomes.com.br\/noticias\/wp-json\/wp\/v2\/posts\/17971\/revisions"}],"predecessor-version":[{"id":17973,"href":"https:\/\/blogdorogeriogomes.com.br\/noticias\/wp-json\/wp\/v2\/posts\/17971\/revisions\/17973"}],"wp:featuredmedia":[{"embeddable":true,"href":"https:\/\/blogdorogeriogomes.com.br\/noticias\/wp-json\/wp\/v2\/media\/17972"}],"wp:attachment":[{"href":"https:\/\/blogdorogeriogomes.com.br\/noticias\/wp-json\/wp\/v2\/media?parent=17971"}],"wp:term":[{"taxonomy":"category","embeddable":true,"href":"https:\/\/blogdorogeriogomes.com.br\/noticias\/wp-json\/wp\/v2\/categories?post=17971"},{"taxonomy":"post_tag","embeddable":true,"href":"https:\/\/blogdorogeriogomes.com.br\/noticias\/wp-json\/wp\/v2\/tags?post=17971"}],"curies":[{"name":"wp","href":"https:\/\/api.w.org\/{rel}","templated":true}]}}