{"id":17978,"date":"2020-08-19T09:27:52","date_gmt":"2020-08-19T09:27:52","guid":{"rendered":"https:\/\/blogdorogeriogomes.com.br\/?p=17978"},"modified":"2020-08-19T12:21:21","modified_gmt":"2020-08-19T12:21:21","slug":"em-meio-a-briga-pelo-orcamento-de-2021-paulo-guedes-deve-propor-extensao-do-auxilio-emergencial-com-valor-de-r-300-e-para-menos-pessoas","status":"publish","type":"post","link":"https:\/\/blogdorogeriogomes.com.br\/noticias\/2020\/08\/em-meio-a-briga-pelo-orcamento-de-2021-paulo-guedes-deve-propor-extensao-do-auxilio-emergencial-com-valor-de-r-300-e-para-menos-pessoas\/","title":{"rendered":"Em meio a briga pelo or\u00e7amento de 2021, Paulo Guedes deve propor extens\u00e3o do aux\u00edlio emergencial com valor de R$ 300 e para menos pessoas"},"content":{"rendered":"\n<p>O presidente Jair Bolsonaro sofre press\u00e3o dos minist\u00e9rios pelo aumento das verbas or\u00e7ament\u00e1rias, o que pode resultar no fim do teto de gastos comprometendo a chamada responsabilidade fiscal.&nbsp;Bolsonaro quer manter bons \u00edndices de popularidade com a extens\u00e3o do pagamento do aux\u00edlio emergencial e destinando verbas para obras de infraestrutura. O ministro da Economia, Paulo Guedes, tenta colocar o p\u00e9 no freio mas parece estar dif\u00edcil. O mercado financeiro teme as perdas que o furo no teto de gastos possa causar.<\/p>\n\n\n\n<p>A extens\u00e3o do aux\u00edlio emergencial at\u00e9 dezembro est\u00e1 em discuss\u00e3o no Governo Federal e no Congresso. A oposi\u00e7\u00e3o defende manter mais tr\u00eas parcelas de R$ 600. A equipe de Guedes quer reduzir para R$ 300 e com menos pessoas beneficiadas.<\/p>\n\n\n\n<p>Para 2021, Paulo Guedes trabalha para que o chamado Renda Brasil, programa que o governo prepara para substituir o Bolsa Fam\u00edlia, comece a vigorar em janeiro.&nbsp; dever\u00e1 enviar a proposta ao Congresso nas pr\u00f3ximas semanas. O programa deve atender de 20 a 21 milh\u00f5es de fam\u00edlias no pa\u00eds. O novo modelo prev\u00ea o pagamento do benef\u00edcio \u00e0s 14 milh\u00f5es de fam\u00edlias cadastradas no Bolsa Fam\u00edlia, mais 6 ou 7 milh\u00f5es de fam\u00edlias que recebem o aux\u00edlio emergencial. O programa dever\u00e1 pagar em torno de R$ 300 \u00e0s fam\u00edlias assistidas.&nbsp;<\/p>\n\n\n\n<figure class=\"wp-block-image size-large\"><img loading=\"lazy\" decoding=\"async\" width=\"679\" height=\"452\" src=\"https:\/\/blogdorogeriogomes.com.br\/wp-content\/uploads\/2020\/08\/images-4-2.jpeg\" alt=\"\" class=\"wp-image-17979\" srcset=\"https:\/\/blogdorogeriogomes.com.br\/noticias\/wp-content\/uploads\/2020\/08\/images-4-2.jpeg 679w, https:\/\/blogdorogeriogomes.com.br\/noticias\/wp-content\/uploads\/2020\/08\/images-4-2-300x200.jpeg 300w\" sizes=\"auto, (max-width: 679px) 100vw, 679px\" \/><\/figure>\n\n\n\n<p><\/p>\n\n\n\n<p><\/p>\n","protected":false},"excerpt":{"rendered":"<p>O presidente Jair Bolsonaro sofre press\u00e3o dos minist\u00e9rios pelo aumento das verbas or\u00e7ament\u00e1rias, o que pode resultar no fim do teto de gastos comprometendo a chamada responsabilidade fiscal.&nbsp;Bolsonaro quer manter bons \u00edndices de popularidade com a extens\u00e3o do pagamento do aux\u00edlio emergencial e destinando verbas para obras de infraestrutura. O ministro da Economia, Paulo Guedes, tenta colocar o p\u00e9 no freio mas parece estar dif\u00edcil. O mercado financeiro teme as perdas que o furo no teto de gastos possa&hellip;<\/p>\n","protected":false},"author":1,"featured_media":17979,"comment_status":"open","ping_status":"open","sticky":false,"template":"","format":"standard","meta":{"footnotes":""},"categories":[1],"tags":[],"class_list":["post-17978","post","type-post","status-publish","format-standard","has-post-thumbnail","hentry","category-noticias"],"_links":{"self":[{"href":"https:\/\/blogdorogeriogomes.com.br\/noticias\/wp-json\/wp\/v2\/posts\/17978","targetHints":{"allow":["GET"]}}],"collection":[{"href":"https:\/\/blogdorogeriogomes.com.br\/noticias\/wp-json\/wp\/v2\/posts"}],"about":[{"href":"https:\/\/blogdorogeriogomes.com.br\/noticias\/wp-json\/wp\/v2\/types\/post"}],"author":[{"embeddable":true,"href":"https:\/\/blogdorogeriogomes.com.br\/noticias\/wp-json\/wp\/v2\/users\/1"}],"replies":[{"embeddable":true,"href":"https:\/\/blogdorogeriogomes.com.br\/noticias\/wp-json\/wp\/v2\/comments?post=17978"}],"version-history":[{"count":2,"href":"https:\/\/blogdorogeriogomes.com.br\/noticias\/wp-json\/wp\/v2\/posts\/17978\/revisions"}],"predecessor-version":[{"id":17981,"href":"https:\/\/blogdorogeriogomes.com.br\/noticias\/wp-json\/wp\/v2\/posts\/17978\/revisions\/17981"}],"wp:featuredmedia":[{"embeddable":true,"href":"https:\/\/blogdorogeriogomes.com.br\/noticias\/wp-json\/wp\/v2\/media\/17979"}],"wp:attachment":[{"href":"https:\/\/blogdorogeriogomes.com.br\/noticias\/wp-json\/wp\/v2\/media?parent=17978"}],"wp:term":[{"taxonomy":"category","embeddable":true,"href":"https:\/\/blogdorogeriogomes.com.br\/noticias\/wp-json\/wp\/v2\/categories?post=17978"},{"taxonomy":"post_tag","embeddable":true,"href":"https:\/\/blogdorogeriogomes.com.br\/noticias\/wp-json\/wp\/v2\/tags?post=17978"}],"curies":[{"name":"wp","href":"https:\/\/api.w.org\/{rel}","templated":true}]}}