{"id":17984,"date":"2020-08-19T20:29:17","date_gmt":"2020-08-19T20:29:17","guid":{"rendered":"https:\/\/blogdorogeriogomes.com.br\/?p=17984"},"modified":"2020-08-20T11:27:48","modified_gmt":"2020-08-20T11:27:48","slug":"governo-entrega-premio-aos-primeiros-contemplados-do-sua-nota-tem-valor-nesta-quinta-feira","status":"publish","type":"post","link":"https:\/\/blogdorogeriogomes.com.br\/noticias\/2020\/08\/governo-entrega-premio-aos-primeiros-contemplados-do-sua-nota-tem-valor-nesta-quinta-feira\/","title":{"rendered":"Governo entrega pr\u00eamio aos primeiros contemplados do Sua Nota tem Valor nesta quinta-feira"},"content":{"rendered":"\n<p>O Governo do Estado do Cear\u00e1 entrega nesta quinta-feira, dia 20 de agosto, os pr\u00eamios do primeiro sorteio do Sua Nota Tem Valor. O programa recompensa com pr\u00eamios mensais em dinheiro os consumidores que realizarem compras com o CPF na nota e institui\u00e7\u00f5es sem fins lucrativos. Ser\u00e3o premiados os seis cidad\u00e3os e as institui\u00e7\u00f5es sorteadas no \u00faltimo dia 15, no concurso 05484 da Loteria Federal, no valor total de R$ 150 mil.<\/p>\n\n\n\n<p>O Sua Nota Tem Valor, desenvolvido e gerido pela Secretaria da Fazenda do Cear\u00e1 (Sefaz-CE), foi criado para conscientizar a popula\u00e7\u00e3o sobre a import\u00e2ncia de pedir a nota fiscal na hora de fazer uma compra. A iniciativa busca tamb\u00e9m estimular a cidadania fiscal, a solidariedade e a inclus\u00e3o social.<\/p>\n\n\n\n<figure class=\"wp-block-image size-large\"><img loading=\"lazy\" decoding=\"async\" width=\"550\" height=\"309\" src=\"https:\/\/blogdorogeriogomes.com.br\/wp-content\/uploads\/2020\/08\/images-5-2.jpeg\" alt=\"\" class=\"wp-image-17985\" srcset=\"https:\/\/blogdorogeriogomes.com.br\/noticias\/wp-content\/uploads\/2020\/08\/images-5-2.jpeg 550w, https:\/\/blogdorogeriogomes.com.br\/noticias\/wp-content\/uploads\/2020\/08\/images-5-2-300x169.jpeg 300w\" sizes=\"auto, (max-width: 550px) 100vw, 550px\" \/><\/figure>\n","protected":false},"excerpt":{"rendered":"<p>O Governo do Estado do Cear\u00e1 entrega nesta quinta-feira, dia 20 de agosto, os pr\u00eamios do primeiro sorteio do Sua Nota Tem Valor. O programa recompensa com pr\u00eamios mensais em dinheiro os consumidores que realizarem compras com o CPF na nota e institui\u00e7\u00f5es sem fins lucrativos. Ser\u00e3o premiados os seis cidad\u00e3os e as institui\u00e7\u00f5es sorteadas no \u00faltimo dia 15, no concurso 05484 da Loteria Federal, no valor total de R$ 150 mil. O Sua Nota Tem Valor, desenvolvido e&hellip;<\/p>\n","protected":false},"author":1,"featured_media":17985,"comment_status":"open","ping_status":"open","sticky":false,"template":"","format":"standard","meta":{"footnotes":""},"categories":[1],"tags":[],"class_list":["post-17984","post","type-post","status-publish","format-standard","has-post-thumbnail","hentry","category-noticias"],"_links":{"self":[{"href":"https:\/\/blogdorogeriogomes.com.br\/noticias\/wp-json\/wp\/v2\/posts\/17984","targetHints":{"allow":["GET"]}}],"collection":[{"href":"https:\/\/blogdorogeriogomes.com.br\/noticias\/wp-json\/wp\/v2\/posts"}],"about":[{"href":"https:\/\/blogdorogeriogomes.com.br\/noticias\/wp-json\/wp\/v2\/types\/post"}],"author":[{"embeddable":true,"href":"https:\/\/blogdorogeriogomes.com.br\/noticias\/wp-json\/wp\/v2\/users\/1"}],"replies":[{"embeddable":true,"href":"https:\/\/blogdorogeriogomes.com.br\/noticias\/wp-json\/wp\/v2\/comments?post=17984"}],"version-history":[{"count":1,"href":"https:\/\/blogdorogeriogomes.com.br\/noticias\/wp-json\/wp\/v2\/posts\/17984\/revisions"}],"predecessor-version":[{"id":17986,"href":"https:\/\/blogdorogeriogomes.com.br\/noticias\/wp-json\/wp\/v2\/posts\/17984\/revisions\/17986"}],"wp:featuredmedia":[{"embeddable":true,"href":"https:\/\/blogdorogeriogomes.com.br\/noticias\/wp-json\/wp\/v2\/media\/17985"}],"wp:attachment":[{"href":"https:\/\/blogdorogeriogomes.com.br\/noticias\/wp-json\/wp\/v2\/media?parent=17984"}],"wp:term":[{"taxonomy":"category","embeddable":true,"href":"https:\/\/blogdorogeriogomes.com.br\/noticias\/wp-json\/wp\/v2\/categories?post=17984"},{"taxonomy":"post_tag","embeddable":true,"href":"https:\/\/blogdorogeriogomes.com.br\/noticias\/wp-json\/wp\/v2\/tags?post=17984"}],"curies":[{"name":"wp","href":"https:\/\/api.w.org\/{rel}","templated":true}]}}