{"id":17987,"date":"2020-08-19T20:47:00","date_gmt":"2020-08-19T20:47:00","guid":{"rendered":"https:\/\/blogdorogeriogomes.com.br\/?p=17987"},"modified":"2020-08-20T11:27:36","modified_gmt":"2020-08-20T11:27:36","slug":"prefeitura-da-capital-paga-a-primeira-parcela-do-13-salario-nesta-quinta-feira","status":"publish","type":"post","link":"https:\/\/blogdorogeriogomes.com.br\/noticias\/2020\/08\/prefeitura-da-capital-paga-a-primeira-parcela-do-13-salario-nesta-quinta-feira\/","title":{"rendered":"Prefeitura da Capital paga a primeira parcela do 13\u00b0 sal\u00e1rio nesta quinta-feira"},"content":{"rendered":"\n<p>A Prefeitura de Fortaleza far\u00e1 o pagamento da primeira parcela do 13\u00ba sal\u00e1rio de servidores municipais nesta quinta-feira, dia 20 de agosto. Cerca de R$ 100 milh\u00f5es de reais ser\u00e3o injetados na economia da Capital.<\/p>\n\n\n\n<p>A antecipa\u00e7\u00e3o de parte do 13\u00b0 vai beneficiar 52.339 servidores ativos, aposentados e pensionistas. O prefeito Roberto Cl\u00e1udio estima os impactos econ\u00f4micos previstos a partir dos recursos injetados. \u201cMantendo a tradi\u00e7\u00e3o dos oito anos de gest\u00e3o, pagaremos 40% do valor bruto do 13\u00ba sal\u00e1rio. Os recursos globais chegam a, aproximadamente, R$ 100 milh\u00f5es, que ser\u00e3o incorporados \u00e0 economia de Fortaleza neste momento de retomada progressiva e gradual\u201d, disse o gestor municipal.<\/p>\n\n\n\n<figure class=\"wp-block-image size-large\"><img loading=\"lazy\" decoding=\"async\" width=\"715\" height=\"429\" src=\"https:\/\/blogdorogeriogomes.com.br\/wp-content\/uploads\/2020\/08\/images-6-2.jpeg\" alt=\"\" class=\"wp-image-17988\" srcset=\"https:\/\/blogdorogeriogomes.com.br\/noticias\/wp-content\/uploads\/2020\/08\/images-6-2.jpeg 715w, https:\/\/blogdorogeriogomes.com.br\/noticias\/wp-content\/uploads\/2020\/08\/images-6-2-300x180.jpeg 300w\" sizes=\"auto, (max-width: 715px) 100vw, 715px\" \/><\/figure>\n","protected":false},"excerpt":{"rendered":"<p>A Prefeitura de Fortaleza far\u00e1 o pagamento da primeira parcela do 13\u00ba sal\u00e1rio de servidores municipais nesta quinta-feira, dia 20 de agosto. Cerca de R$ 100 milh\u00f5es de reais ser\u00e3o injetados na economia da Capital. A antecipa\u00e7\u00e3o de parte do 13\u00b0 vai beneficiar 52.339 servidores ativos, aposentados e pensionistas. O prefeito Roberto Cl\u00e1udio estima os impactos econ\u00f4micos previstos a partir dos recursos injetados. \u201cMantendo a tradi\u00e7\u00e3o dos oito anos de gest\u00e3o, pagaremos 40% do valor bruto do 13\u00ba sal\u00e1rio.&hellip;<\/p>\n","protected":false},"author":1,"featured_media":17988,"comment_status":"open","ping_status":"open","sticky":false,"template":"","format":"standard","meta":{"footnotes":""},"categories":[1],"tags":[],"class_list":["post-17987","post","type-post","status-publish","format-standard","has-post-thumbnail","hentry","category-noticias"],"_links":{"self":[{"href":"https:\/\/blogdorogeriogomes.com.br\/noticias\/wp-json\/wp\/v2\/posts\/17987","targetHints":{"allow":["GET"]}}],"collection":[{"href":"https:\/\/blogdorogeriogomes.com.br\/noticias\/wp-json\/wp\/v2\/posts"}],"about":[{"href":"https:\/\/blogdorogeriogomes.com.br\/noticias\/wp-json\/wp\/v2\/types\/post"}],"author":[{"embeddable":true,"href":"https:\/\/blogdorogeriogomes.com.br\/noticias\/wp-json\/wp\/v2\/users\/1"}],"replies":[{"embeddable":true,"href":"https:\/\/blogdorogeriogomes.com.br\/noticias\/wp-json\/wp\/v2\/comments?post=17987"}],"version-history":[{"count":1,"href":"https:\/\/blogdorogeriogomes.com.br\/noticias\/wp-json\/wp\/v2\/posts\/17987\/revisions"}],"predecessor-version":[{"id":17989,"href":"https:\/\/blogdorogeriogomes.com.br\/noticias\/wp-json\/wp\/v2\/posts\/17987\/revisions\/17989"}],"wp:featuredmedia":[{"embeddable":true,"href":"https:\/\/blogdorogeriogomes.com.br\/noticias\/wp-json\/wp\/v2\/media\/17988"}],"wp:attachment":[{"href":"https:\/\/blogdorogeriogomes.com.br\/noticias\/wp-json\/wp\/v2\/media?parent=17987"}],"wp:term":[{"taxonomy":"category","embeddable":true,"href":"https:\/\/blogdorogeriogomes.com.br\/noticias\/wp-json\/wp\/v2\/categories?post=17987"},{"taxonomy":"post_tag","embeddable":true,"href":"https:\/\/blogdorogeriogomes.com.br\/noticias\/wp-json\/wp\/v2\/tags?post=17987"}],"curies":[{"name":"wp","href":"https:\/\/api.w.org\/{rel}","templated":true}]}}