{"id":17990,"date":"2020-08-20T09:26:57","date_gmt":"2020-08-20T09:26:57","guid":{"rendered":"https:\/\/blogdorogeriogomes.com.br\/?p=17990"},"modified":"2020-08-20T11:27:27","modified_gmt":"2020-08-20T11:27:27","slug":"governo-federal-sofre-derrotas-no-senado-com-derrubada-de-vetos-de-jair-bolsonaro","status":"publish","type":"post","link":"https:\/\/blogdorogeriogomes.com.br\/noticias\/2020\/08\/governo-federal-sofre-derrotas-no-senado-com-derrubada-de-vetos-de-jair-bolsonaro\/","title":{"rendered":"Governo Federal sofre derrotas no Senado com derrubada de  vetos de Jair Bolsonaro"},"content":{"rendered":"\n<p>O Senado Federal derrubou o veto de Bolsonaro sobre o reajuste dos servidores ligados ao combate \u00e0 pandemia. O trecho vetado por Bolsonaro e rejeitado pelo Senado, ap\u00f3s aprova\u00e7\u00e3o de destaque do PT, admitia a possibilidade de reajuste salarial para servidores p\u00fablicos civis e militares diretamente envolvidos no combate \u00e0 pandemia, incluindo carreiras como peritos, agentes socioeducativos, profissionais de limpeza urbana, servi\u00e7os funer\u00e1rios e assist\u00eancia social, trabalhadores da educa\u00e7\u00e3o p\u00fablica e profissionais de sa\u00fade. O ministro da Economia, Paulo Guedes, reagiu com agressividade \u00e0 derrubada pelo Senado do veto de Jair Bolsonaro ao aumento salarial a servidores p\u00fablicos at\u00e9 o fim de 2021. &#8220;\u00c9 um crime contra o Pa\u00eds, disse.<\/p>\n\n\n\n<p>Deputados e senadores tamb\u00e9m derrubaram, nesta quarta-feira, dia 19, em sess\u00e3o conjunta do Congresso Nacional, um veto do presidente Jair Bolsonaro que desobrigaria o uso de m\u00e1scaras em escolas, com\u00e9rcios, ind\u00fastria e igrejas, ao contr\u00e1rio de projeto aprovado no Parlamento. Outro veto presidencial derrubado na sess\u00e3o foi o que prev\u00ea medidas de prote\u00e7\u00e3o e preven\u00e7\u00e3o ao coronav\u00edrus em territ\u00f3rios ind\u00edgenas.<\/p>\n\n\n\n<p>Bolsonaro havia vetado pontos que previam a distribui\u00e7\u00e3o gratuita de materiais de higiene, de limpeza e de desinfec\u00e7\u00e3o de superf\u00edcies para aldeias ou comunidades ind\u00edgenas. <\/p>\n\n\n\n<figure class=\"wp-block-image size-large\"><img loading=\"lazy\" decoding=\"async\" width=\"716\" height=\"428\" src=\"https:\/\/blogdorogeriogomes.com.br\/wp-content\/uploads\/2020\/08\/images-7-3.jpeg\" alt=\"\" class=\"wp-image-17991\" srcset=\"https:\/\/blogdorogeriogomes.com.br\/noticias\/wp-content\/uploads\/2020\/08\/images-7-3.jpeg 716w, https:\/\/blogdorogeriogomes.com.br\/noticias\/wp-content\/uploads\/2020\/08\/images-7-3-300x179.jpeg 300w\" sizes=\"auto, (max-width: 716px) 100vw, 716px\" \/><\/figure>\n\n\n\n<p><\/p>\n\n\n\n<p><\/p>\n","protected":false},"excerpt":{"rendered":"<p>O Senado Federal derrubou o veto de Bolsonaro sobre o reajuste dos servidores ligados ao combate \u00e0 pandemia. O trecho vetado por Bolsonaro e rejeitado pelo Senado, ap\u00f3s aprova\u00e7\u00e3o de destaque do PT, admitia a possibilidade de reajuste salarial para servidores p\u00fablicos civis e militares diretamente envolvidos no combate \u00e0 pandemia, incluindo carreiras como peritos, agentes socioeducativos, profissionais de limpeza urbana, servi\u00e7os funer\u00e1rios e assist\u00eancia social, trabalhadores da educa\u00e7\u00e3o p\u00fablica e profissionais de sa\u00fade. O ministro da Economia, Paulo&hellip;<\/p>\n","protected":false},"author":1,"featured_media":17991,"comment_status":"open","ping_status":"open","sticky":false,"template":"","format":"standard","meta":{"footnotes":""},"categories":[1],"tags":[],"class_list":["post-17990","post","type-post","status-publish","format-standard","has-post-thumbnail","hentry","category-noticias"],"_links":{"self":[{"href":"https:\/\/blogdorogeriogomes.com.br\/noticias\/wp-json\/wp\/v2\/posts\/17990","targetHints":{"allow":["GET"]}}],"collection":[{"href":"https:\/\/blogdorogeriogomes.com.br\/noticias\/wp-json\/wp\/v2\/posts"}],"about":[{"href":"https:\/\/blogdorogeriogomes.com.br\/noticias\/wp-json\/wp\/v2\/types\/post"}],"author":[{"embeddable":true,"href":"https:\/\/blogdorogeriogomes.com.br\/noticias\/wp-json\/wp\/v2\/users\/1"}],"replies":[{"embeddable":true,"href":"https:\/\/blogdorogeriogomes.com.br\/noticias\/wp-json\/wp\/v2\/comments?post=17990"}],"version-history":[{"count":1,"href":"https:\/\/blogdorogeriogomes.com.br\/noticias\/wp-json\/wp\/v2\/posts\/17990\/revisions"}],"predecessor-version":[{"id":17992,"href":"https:\/\/blogdorogeriogomes.com.br\/noticias\/wp-json\/wp\/v2\/posts\/17990\/revisions\/17992"}],"wp:featuredmedia":[{"embeddable":true,"href":"https:\/\/blogdorogeriogomes.com.br\/noticias\/wp-json\/wp\/v2\/media\/17991"}],"wp:attachment":[{"href":"https:\/\/blogdorogeriogomes.com.br\/noticias\/wp-json\/wp\/v2\/media?parent=17990"}],"wp:term":[{"taxonomy":"category","embeddable":true,"href":"https:\/\/blogdorogeriogomes.com.br\/noticias\/wp-json\/wp\/v2\/categories?post=17990"},{"taxonomy":"post_tag","embeddable":true,"href":"https:\/\/blogdorogeriogomes.com.br\/noticias\/wp-json\/wp\/v2\/tags?post=17990"}],"curies":[{"name":"wp","href":"https:\/\/api.w.org\/{rel}","templated":true}]}}