{"id":17993,"date":"2020-08-20T09:40:05","date_gmt":"2020-08-20T09:40:05","guid":{"rendered":"https:\/\/blogdorogeriogomes.com.br\/?p=17993"},"modified":"2020-08-20T11:27:19","modified_gmt":"2020-08-20T11:27:19","slug":"obras-de-duplicacao-do-viaduto-do-makro-entram-em-fase-final-e-devem-ser-entregues-em-setembro","status":"publish","type":"post","link":"https:\/\/blogdorogeriogomes.com.br\/noticias\/2020\/08\/obras-de-duplicacao-do-viaduto-do-makro-entram-em-fase-final-e-devem-ser-entregues-em-setembro\/","title":{"rendered":"Obras de duplica\u00e7\u00e3o do viaduto do Makro entram em fase final e devem ser entregues em setembro"},"content":{"rendered":"\n<p>A Secretaria de Infraestrutura de Fortaleza realiza as \u00faltimas interven\u00e7\u00f5es na obra de duplica\u00e7\u00e3o do viaduto do Makro que vai possibilitar maior fluidez no tr\u00e2nsito das avenidas Alberto Craveiro, Raul Barbosa e do Aeroporto. A duplica\u00e7\u00e3o do viaduto deve ser entregue no pr\u00f3ximo m\u00eas de setembro.<\/p>\n\n\n\n<p>Nesta quinta-feira, dia 20 de agosto, ser\u00e3o liberadas as duas pistas e as quatro al\u00e7as de retorno do viaduto, que antes estavam bloqueados para tr\u00e1fego de ve\u00edculos. A libera\u00e7\u00e3o vai restabelecer a configura\u00e7\u00e3o original do tr\u00e1fego no sentido Aldeota\/Aeroporto.<\/p>\n\n\n\n<p>A partir do pr\u00f3ximo s\u00e1bado, dia 22), um bloqueio ser\u00e1 realizado na al\u00e7a do viaduto que liga a BR-116 a Av. Alberto Craveiro e d\u00e1 acesso ao sentido Aeroporto\/Castel\u00e3o, em Fortaleza. A interdi\u00e7\u00e3o vai permitir o t\u00e9rmino&nbsp;das obras de terraplanagem e pavimenta\u00e7\u00e3o que acontecem no local.<\/p>\n\n\n\n<figure class=\"wp-block-image size-large\"><img loading=\"lazy\" decoding=\"async\" width=\"738\" height=\"554\" src=\"https:\/\/blogdorogeriogomes.com.br\/wp-content\/uploads\/2020\/08\/viaduto-do-makro.jpg\" alt=\"\" class=\"wp-image-17994\" srcset=\"https:\/\/blogdorogeriogomes.com.br\/noticias\/wp-content\/uploads\/2020\/08\/viaduto-do-makro.jpg 738w, https:\/\/blogdorogeriogomes.com.br\/noticias\/wp-content\/uploads\/2020\/08\/viaduto-do-makro-300x225.jpg 300w, https:\/\/blogdorogeriogomes.com.br\/noticias\/wp-content\/uploads\/2020\/08\/viaduto-do-makro-400x300.jpg 400w\" sizes=\"auto, (max-width: 738px) 100vw, 738px\" \/><\/figure>\n","protected":false},"excerpt":{"rendered":"<p>A Secretaria de Infraestrutura de Fortaleza realiza as \u00faltimas interven\u00e7\u00f5es na obra de duplica\u00e7\u00e3o do viaduto do Makro que vai possibilitar maior fluidez no tr\u00e2nsito das avenidas Alberto Craveiro, Raul Barbosa e do Aeroporto. A duplica\u00e7\u00e3o do viaduto deve ser entregue no pr\u00f3ximo m\u00eas de setembro. Nesta quinta-feira, dia 20 de agosto, ser\u00e3o liberadas as duas pistas e as quatro al\u00e7as de retorno do viaduto, que antes estavam bloqueados para tr\u00e1fego de ve\u00edculos. A libera\u00e7\u00e3o vai restabelecer a configura\u00e7\u00e3o&hellip;<\/p>\n","protected":false},"author":1,"featured_media":17994,"comment_status":"open","ping_status":"open","sticky":false,"template":"","format":"standard","meta":{"footnotes":""},"categories":[1],"tags":[],"class_list":["post-17993","post","type-post","status-publish","format-standard","has-post-thumbnail","hentry","category-noticias"],"_links":{"self":[{"href":"https:\/\/blogdorogeriogomes.com.br\/noticias\/wp-json\/wp\/v2\/posts\/17993","targetHints":{"allow":["GET"]}}],"collection":[{"href":"https:\/\/blogdorogeriogomes.com.br\/noticias\/wp-json\/wp\/v2\/posts"}],"about":[{"href":"https:\/\/blogdorogeriogomes.com.br\/noticias\/wp-json\/wp\/v2\/types\/post"}],"author":[{"embeddable":true,"href":"https:\/\/blogdorogeriogomes.com.br\/noticias\/wp-json\/wp\/v2\/users\/1"}],"replies":[{"embeddable":true,"href":"https:\/\/blogdorogeriogomes.com.br\/noticias\/wp-json\/wp\/v2\/comments?post=17993"}],"version-history":[{"count":2,"href":"https:\/\/blogdorogeriogomes.com.br\/noticias\/wp-json\/wp\/v2\/posts\/17993\/revisions"}],"predecessor-version":[{"id":17996,"href":"https:\/\/blogdorogeriogomes.com.br\/noticias\/wp-json\/wp\/v2\/posts\/17993\/revisions\/17996"}],"wp:featuredmedia":[{"embeddable":true,"href":"https:\/\/blogdorogeriogomes.com.br\/noticias\/wp-json\/wp\/v2\/media\/17994"}],"wp:attachment":[{"href":"https:\/\/blogdorogeriogomes.com.br\/noticias\/wp-json\/wp\/v2\/media?parent=17993"}],"wp:term":[{"taxonomy":"category","embeddable":true,"href":"https:\/\/blogdorogeriogomes.com.br\/noticias\/wp-json\/wp\/v2\/categories?post=17993"},{"taxonomy":"post_tag","embeddable":true,"href":"https:\/\/blogdorogeriogomes.com.br\/noticias\/wp-json\/wp\/v2\/tags?post=17993"}],"curies":[{"name":"wp","href":"https:\/\/api.w.org\/{rel}","templated":true}]}}