{"id":17998,"date":"2020-08-20T17:55:33","date_gmt":"2020-08-20T17:55:33","guid":{"rendered":"https:\/\/blogdorogeriogomes.com.br\/?p=17998"},"modified":"2020-08-21T14:06:39","modified_gmt":"2020-08-21T14:06:39","slug":"assembleia-legislativa-confirma-suspensao-do-deputado-estadual-andre-fernandes-por-30-dias","status":"publish","type":"post","link":"https:\/\/blogdorogeriogomes.com.br\/noticias\/2020\/08\/assembleia-legislativa-confirma-suspensao-do-deputado-estadual-andre-fernandes-por-30-dias\/","title":{"rendered":"Assembleia Legislativa confirma suspens\u00e3o do deputado estadual Andr\u00e9 Fernandes por 30 dias"},"content":{"rendered":"\n<p>Em sess\u00e3o presencial realizada nesta quinta-feira, dia 20 de agosto, a Assembleia Legislativa do Cear\u00e1 confirmou a suspens\u00e3o do mandato do deputado estadual Andr\u00e9 Fernandes (Republicanos) por quebra de decoro no epis\u00f3dio em que ele acusou o tamb\u00e9m deputado estadual Nezinho Farias (PDT) de envolvimento com grupos criminosos, mas sem apresentar nenhuma prova. Andr\u00e9 Fernandes apresentou queixa no Minist\u00e9rio P\u00fablico, mas n\u00e3o foi encontrado nenhum ind\u00edcio da acusa\u00e7\u00e3o contra o parlamentar pedetista <\/p>\n\n\n\n<p>A vota\u00e7\u00e3o pela suspens\u00e3o do mandato de Andr\u00e9 Fernandes por 30 dias aconteceu de forma aberta. Foram 29 votos pela suspens\u00e3o e 11 contra, al\u00e9m de tr\u00eas absten\u00e7\u00f5es. O processo no Conselho de \u00c9tica contra Andr\u00e9 Fernandes foi aberto em julho de 2019 e, agora, chegou a um desfecho com a puni\u00e7\u00e3o de suspens\u00e3o do mandato por 30 dias.<\/p>\n\n\n\n<figure class=\"wp-block-image size-large\"><img loading=\"lazy\" decoding=\"async\" width=\"678\" height=\"452\" src=\"https:\/\/blogdorogeriogomes.com.br\/wp-content\/uploads\/2020\/08\/images-8-2.jpeg\" alt=\"\" class=\"wp-image-17999\" srcset=\"https:\/\/blogdorogeriogomes.com.br\/noticias\/wp-content\/uploads\/2020\/08\/images-8-2.jpeg 678w, https:\/\/blogdorogeriogomes.com.br\/noticias\/wp-content\/uploads\/2020\/08\/images-8-2-300x200.jpeg 300w\" sizes=\"auto, (max-width: 678px) 100vw, 678px\" \/><\/figure>\n","protected":false},"excerpt":{"rendered":"<p>Em sess\u00e3o presencial realizada nesta quinta-feira, dia 20 de agosto, a Assembleia Legislativa do Cear\u00e1 confirmou a suspens\u00e3o do mandato do deputado estadual Andr\u00e9 Fernandes (Republicanos) por quebra de decoro no epis\u00f3dio em que ele acusou o tamb\u00e9m deputado estadual Nezinho Farias (PDT) de envolvimento com grupos criminosos, mas sem apresentar nenhuma prova. Andr\u00e9 Fernandes apresentou queixa no Minist\u00e9rio P\u00fablico, mas n\u00e3o foi encontrado nenhum ind\u00edcio da acusa\u00e7\u00e3o contra o parlamentar pedetista A vota\u00e7\u00e3o pela suspens\u00e3o do mandato de&hellip;<\/p>\n","protected":false},"author":1,"featured_media":17999,"comment_status":"open","ping_status":"open","sticky":false,"template":"","format":"standard","meta":{"footnotes":""},"categories":[1],"tags":[],"class_list":["post-17998","post","type-post","status-publish","format-standard","has-post-thumbnail","hentry","category-noticias"],"_links":{"self":[{"href":"https:\/\/blogdorogeriogomes.com.br\/noticias\/wp-json\/wp\/v2\/posts\/17998","targetHints":{"allow":["GET"]}}],"collection":[{"href":"https:\/\/blogdorogeriogomes.com.br\/noticias\/wp-json\/wp\/v2\/posts"}],"about":[{"href":"https:\/\/blogdorogeriogomes.com.br\/noticias\/wp-json\/wp\/v2\/types\/post"}],"author":[{"embeddable":true,"href":"https:\/\/blogdorogeriogomes.com.br\/noticias\/wp-json\/wp\/v2\/users\/1"}],"replies":[{"embeddable":true,"href":"https:\/\/blogdorogeriogomes.com.br\/noticias\/wp-json\/wp\/v2\/comments?post=17998"}],"version-history":[{"count":1,"href":"https:\/\/blogdorogeriogomes.com.br\/noticias\/wp-json\/wp\/v2\/posts\/17998\/revisions"}],"predecessor-version":[{"id":18000,"href":"https:\/\/blogdorogeriogomes.com.br\/noticias\/wp-json\/wp\/v2\/posts\/17998\/revisions\/18000"}],"wp:featuredmedia":[{"embeddable":true,"href":"https:\/\/blogdorogeriogomes.com.br\/noticias\/wp-json\/wp\/v2\/media\/17999"}],"wp:attachment":[{"href":"https:\/\/blogdorogeriogomes.com.br\/noticias\/wp-json\/wp\/v2\/media?parent=17998"}],"wp:term":[{"taxonomy":"category","embeddable":true,"href":"https:\/\/blogdorogeriogomes.com.br\/noticias\/wp-json\/wp\/v2\/categories?post=17998"},{"taxonomy":"post_tag","embeddable":true,"href":"https:\/\/blogdorogeriogomes.com.br\/noticias\/wp-json\/wp\/v2\/tags?post=17998"}],"curies":[{"name":"wp","href":"https:\/\/api.w.org\/{rel}","templated":true}]}}