{"id":18004,"date":"2020-08-21T09:07:33","date_gmt":"2020-08-21T09:07:33","guid":{"rendered":"https:\/\/blogdorogeriogomes.com.br\/?p=18004"},"modified":"2020-08-21T14:06:16","modified_gmt":"2020-08-21T14:06:16","slug":"com-apoio-de-rodrigo-maia-palacio-do-planalto-consegue-manter-veto-de-reajuste-dos-servidores-ate-o-fim-de-2021","status":"publish","type":"post","link":"https:\/\/blogdorogeriogomes.com.br\/noticias\/2020\/08\/com-apoio-de-rodrigo-maia-palacio-do-planalto-consegue-manter-veto-de-reajuste-dos-servidores-ate-o-fim-de-2021\/","title":{"rendered":"Com apoio de Rodrigo Maia, Pal\u00e1cio do Planalto consegue manter veto de reajuste dos servidores at\u00e9 o fim de 2021"},"content":{"rendered":"\n<p>Como apoio de parlamentares do chamado Centr\u00e3o e do presidente da C\u00e2mara dos Deputados, Rodrigo Maia, o Governo Federal conseguiu manter a proibi\u00e7\u00e3o de reajuste de servidores p\u00fablicos at\u00e9 31 de dezembro 2021. O veto do presidente Jair Bolsonaro foi mantido pela C\u00e2mara dos Deputados por 316 votos a 165 votos, com duas absten\u00e7\u00f5es, nesta quinta-feira, dia 20 de agosto. A medida vale para profissionais que atuam na linha de frente do combate \u00e0 Covid-19, como os da \u00e1rea da sa\u00fade, servi\u00e7os funcion\u00e1rios, seguran\u00e7a p\u00fablica e limpeza urbana.&nbsp;<\/p>\n\n\n\n<p>A medida tinha sido derrubada pelo Senado um dia antes. E para se conseguir reverter a decis\u00e3o na C\u00e2mara Federal, foi costurado um acordo envolvendo a prorroga\u00e7\u00e3o do aux\u00edlio emergencial e libera\u00e7\u00e3o de recursos do Or\u00e7amento ainda este ano.<\/p>\n\n\n\n<figure class=\"wp-block-image size-large\"><img loading=\"lazy\" decoding=\"async\" width=\"678\" height=\"452\" src=\"https:\/\/blogdorogeriogomes.com.br\/wp-content\/uploads\/2020\/08\/images-9-2.jpeg\" alt=\"\" class=\"wp-image-18005\" srcset=\"https:\/\/blogdorogeriogomes.com.br\/noticias\/wp-content\/uploads\/2020\/08\/images-9-2.jpeg 678w, https:\/\/blogdorogeriogomes.com.br\/noticias\/wp-content\/uploads\/2020\/08\/images-9-2-300x200.jpeg 300w\" sizes=\"auto, (max-width: 678px) 100vw, 678px\" \/><\/figure>\n","protected":false},"excerpt":{"rendered":"<p>Como apoio de parlamentares do chamado Centr\u00e3o e do presidente da C\u00e2mara dos Deputados, Rodrigo Maia, o Governo Federal conseguiu manter a proibi\u00e7\u00e3o de reajuste de servidores p\u00fablicos at\u00e9 31 de dezembro 2021. O veto do presidente Jair Bolsonaro foi mantido pela C\u00e2mara dos Deputados por 316 votos a 165 votos, com duas absten\u00e7\u00f5es, nesta quinta-feira, dia 20 de agosto. A medida vale para profissionais que atuam na linha de frente do combate \u00e0 Covid-19, como os da \u00e1rea&hellip;<\/p>\n","protected":false},"author":1,"featured_media":18005,"comment_status":"open","ping_status":"open","sticky":false,"template":"","format":"standard","meta":{"footnotes":""},"categories":[1],"tags":[],"class_list":["post-18004","post","type-post","status-publish","format-standard","has-post-thumbnail","hentry","category-noticias"],"_links":{"self":[{"href":"https:\/\/blogdorogeriogomes.com.br\/noticias\/wp-json\/wp\/v2\/posts\/18004","targetHints":{"allow":["GET"]}}],"collection":[{"href":"https:\/\/blogdorogeriogomes.com.br\/noticias\/wp-json\/wp\/v2\/posts"}],"about":[{"href":"https:\/\/blogdorogeriogomes.com.br\/noticias\/wp-json\/wp\/v2\/types\/post"}],"author":[{"embeddable":true,"href":"https:\/\/blogdorogeriogomes.com.br\/noticias\/wp-json\/wp\/v2\/users\/1"}],"replies":[{"embeddable":true,"href":"https:\/\/blogdorogeriogomes.com.br\/noticias\/wp-json\/wp\/v2\/comments?post=18004"}],"version-history":[{"count":2,"href":"https:\/\/blogdorogeriogomes.com.br\/noticias\/wp-json\/wp\/v2\/posts\/18004\/revisions"}],"predecessor-version":[{"id":18011,"href":"https:\/\/blogdorogeriogomes.com.br\/noticias\/wp-json\/wp\/v2\/posts\/18004\/revisions\/18011"}],"wp:featuredmedia":[{"embeddable":true,"href":"https:\/\/blogdorogeriogomes.com.br\/noticias\/wp-json\/wp\/v2\/media\/18005"}],"wp:attachment":[{"href":"https:\/\/blogdorogeriogomes.com.br\/noticias\/wp-json\/wp\/v2\/media?parent=18004"}],"wp:term":[{"taxonomy":"category","embeddable":true,"href":"https:\/\/blogdorogeriogomes.com.br\/noticias\/wp-json\/wp\/v2\/categories?post=18004"},{"taxonomy":"post_tag","embeddable":true,"href":"https:\/\/blogdorogeriogomes.com.br\/noticias\/wp-json\/wp\/v2\/tags?post=18004"}],"curies":[{"name":"wp","href":"https:\/\/api.w.org\/{rel}","templated":true}]}}