{"id":18007,"date":"2020-08-21T09:38:18","date_gmt":"2020-08-21T09:38:18","guid":{"rendered":"https:\/\/blogdorogeriogomes.com.br\/?p=18007"},"modified":"2020-08-21T14:06:07","modified_gmt":"2020-08-21T14:06:07","slug":"stf-barra-acao-do-ministerio-da-justica-de-elaborar-dossie-de-opositores-antifascistas","status":"publish","type":"post","link":"https:\/\/blogdorogeriogomes.com.br\/noticias\/2020\/08\/stf-barra-acao-do-ministerio-da-justica-de-elaborar-dossie-de-opositores-antifascistas\/","title":{"rendered":"STF barra a\u00e7\u00e3o do Minist\u00e9rio da Justi\u00e7a de elaborar dossi\u00ea de opositores antifascistas"},"content":{"rendered":"\n<p>O Supremo Tribunal Federal determinou, por nove votos a um, nesta quinta-feira, dia 20 de agosto, que o Governo Jair Bolsonaro suspenda a coleta e registro de informa\u00e7\u00f5es de opositores, o denominado &#8220;dossi\u00ea dos antifascistas&#8221;. O documento re\u00fane dados de 579 policiais e professores.<\/p>\n\n\n\n<p>Os ministros do STF ressaltaram que o ministro da Justi\u00e7a, Andr\u00e9 Mendon\u00e7a (foto), n\u00e3o teve influ\u00eancia&nbsp;na produ\u00e7\u00e3o do dossi\u00ea, j\u00e1 que o material passou a ser coletado no mesmo dia em que o ex-ministro S\u00e9rgio Moro pediu demiss\u00e3o.<\/p>\n\n\n\n<p>A a\u00e7\u00e3o julgada pelo STF \u00e9 de autoria do partido Rede Sustentabilidade, que acusa o governo Bolsonaro de utilizar as informa\u00e7\u00f5es para intimidar os cidad\u00e3os, contrariando a liberdade de express\u00e3o, de reuni\u00e3o, de associa\u00e7\u00e3o e de c\u00e1tedra.<\/p>\n\n\n\n<figure class=\"wp-block-image size-large\"><img loading=\"lazy\" decoding=\"async\" width=\"610\" height=\"380\" src=\"https:\/\/blogdorogeriogomes.com.br\/wp-content\/uploads\/2020\/08\/20200820170824_54a2e0af-023f-4ab0-8771-2d9fe8947162.jpeg\" alt=\"\" class=\"wp-image-18008\" srcset=\"https:\/\/blogdorogeriogomes.com.br\/noticias\/wp-content\/uploads\/2020\/08\/20200820170824_54a2e0af-023f-4ab0-8771-2d9fe8947162.jpeg 610w, https:\/\/blogdorogeriogomes.com.br\/noticias\/wp-content\/uploads\/2020\/08\/20200820170824_54a2e0af-023f-4ab0-8771-2d9fe8947162-300x187.jpeg 300w\" sizes=\"auto, (max-width: 610px) 100vw, 610px\" \/><\/figure>\n","protected":false},"excerpt":{"rendered":"<p>O Supremo Tribunal Federal determinou, por nove votos a um, nesta quinta-feira, dia 20 de agosto, que o Governo Jair Bolsonaro suspenda a coleta e registro de informa\u00e7\u00f5es de opositores, o denominado &#8220;dossi\u00ea dos antifascistas&#8221;. O documento re\u00fane dados de 579 policiais e professores. Os ministros do STF ressaltaram que o ministro da Justi\u00e7a, Andr\u00e9 Mendon\u00e7a (foto), n\u00e3o teve influ\u00eancia&nbsp;na produ\u00e7\u00e3o do dossi\u00ea, j\u00e1 que o material passou a ser coletado no mesmo dia em que o ex-ministro S\u00e9rgio&hellip;<\/p>\n","protected":false},"author":1,"featured_media":18008,"comment_status":"open","ping_status":"open","sticky":false,"template":"","format":"standard","meta":{"footnotes":""},"categories":[1],"tags":[],"class_list":["post-18007","post","type-post","status-publish","format-standard","has-post-thumbnail","hentry","category-noticias"],"_links":{"self":[{"href":"https:\/\/blogdorogeriogomes.com.br\/noticias\/wp-json\/wp\/v2\/posts\/18007","targetHints":{"allow":["GET"]}}],"collection":[{"href":"https:\/\/blogdorogeriogomes.com.br\/noticias\/wp-json\/wp\/v2\/posts"}],"about":[{"href":"https:\/\/blogdorogeriogomes.com.br\/noticias\/wp-json\/wp\/v2\/types\/post"}],"author":[{"embeddable":true,"href":"https:\/\/blogdorogeriogomes.com.br\/noticias\/wp-json\/wp\/v2\/users\/1"}],"replies":[{"embeddable":true,"href":"https:\/\/blogdorogeriogomes.com.br\/noticias\/wp-json\/wp\/v2\/comments?post=18007"}],"version-history":[{"count":2,"href":"https:\/\/blogdorogeriogomes.com.br\/noticias\/wp-json\/wp\/v2\/posts\/18007\/revisions"}],"predecessor-version":[{"id":18010,"href":"https:\/\/blogdorogeriogomes.com.br\/noticias\/wp-json\/wp\/v2\/posts\/18007\/revisions\/18010"}],"wp:featuredmedia":[{"embeddable":true,"href":"https:\/\/blogdorogeriogomes.com.br\/noticias\/wp-json\/wp\/v2\/media\/18008"}],"wp:attachment":[{"href":"https:\/\/blogdorogeriogomes.com.br\/noticias\/wp-json\/wp\/v2\/media?parent=18007"}],"wp:term":[{"taxonomy":"category","embeddable":true,"href":"https:\/\/blogdorogeriogomes.com.br\/noticias\/wp-json\/wp\/v2\/categories?post=18007"},{"taxonomy":"post_tag","embeddable":true,"href":"https:\/\/blogdorogeriogomes.com.br\/noticias\/wp-json\/wp\/v2\/tags?post=18007"}],"curies":[{"name":"wp","href":"https:\/\/api.w.org\/{rel}","templated":true}]}}