{"id":18013,"date":"2020-08-21T20:49:43","date_gmt":"2020-08-21T20:49:43","guid":{"rendered":"https:\/\/blogdorogeriogomes.com.br\/?p=18013"},"modified":"2020-08-24T11:32:58","modified_gmt":"2020-08-24T11:32:58","slug":"agencias-do-inss-e-vapt-vupt-voltam-a-funcionar-na-proxima-segunda-feira-mas-so-com-agendamento","status":"publish","type":"post","link":"https:\/\/blogdorogeriogomes.com.br\/noticias\/2020\/08\/agencias-do-inss-e-vapt-vupt-voltam-a-funcionar-na-proxima-segunda-feira-mas-so-com-agendamento\/","title":{"rendered":"Ag\u00eancias do INSS e Vapt Vupt voltam a funcionar na pr\u00f3xima segunda-feira, mas s\u00f3 com agendamento"},"content":{"rendered":"\n<p>O Instituto Nacional do Seguro Social (INSS) retoma, na pr\u00f3xima segunda-feira, dia 24 de agosto, o atendimento presencial nas suas ag\u00eancias. A suspens\u00e3o do atendimento nas unidades aconteceu em mar\u00e7o em raz\u00e3o da pandemia de covid-19 e, desde ent\u00e3o, o INSS e a Secretaria Especial de Previd\u00eancia e Trabalho do Minist\u00e9rio da Economia vem prorrogando o atendimento remoto aos segurados e benefici\u00e1rios.<\/p>\n\n\n\n<p>Os canais remotos &#8211; Meu INSS e Central 135 &#8211; continuar\u00e3o sendo utilizados mesmo ap\u00f3s a reabertura das ag\u00eancias e ser\u00e3o adotadas medidas para simplifica\u00e7\u00e3o dos procedimentos e a amplia\u00e7\u00e3o do prazo para cumprir exig\u00eancias. O tempo de funcionamento das unidades da Previd\u00eancia ser\u00e1 parcial, com seis horas cont\u00ednuas, e o atendimento ser\u00e1 exclusivo aos segurados e benefici\u00e1rios com agendamento pr\u00e9vio pelos canais remotos.<\/p>\n\n\n\n<p> Os atendimentos presenciais na Casa do Cidad\u00e3o e nas duas unidades do Vapt Vupt em Fortaleza e Sobral ser\u00e3o retomados. Os servi\u00e7os ir\u00e3o operar exclusivamente por agendamento, que dever\u00e1 ser feito com anteced\u00eancia por meio do site da Secretaria da Prote\u00e7\u00e3o Social, Justi\u00e7a, Cidadania, Mulheres e Direitos Humanos. A medida prev\u00ea a libera\u00e7\u00e3o de 50% da capacidade total de atendimentos, que dever\u00e3o ocorrer das 8 \u00e0s 14 horas, tanto nos Vapt Vupts, quanto nos pontos relacionados \u00e0 Casa do Cidad\u00e3o.&nbsp;  <\/p>\n\n\n\n<figure class=\"wp-block-image size-large\"><img loading=\"lazy\" decoding=\"async\" width=\"699\" height=\"439\" src=\"https:\/\/blogdorogeriogomes.com.br\/wp-content\/uploads\/2020\/08\/images-15.jpeg\" alt=\"\" class=\"wp-image-18014\" srcset=\"https:\/\/blogdorogeriogomes.com.br\/noticias\/wp-content\/uploads\/2020\/08\/images-15.jpeg 699w, https:\/\/blogdorogeriogomes.com.br\/noticias\/wp-content\/uploads\/2020\/08\/images-15-300x188.jpeg 300w, https:\/\/blogdorogeriogomes.com.br\/noticias\/wp-content\/uploads\/2020\/08\/images-15-320x202.jpeg 320w\" sizes=\"auto, (max-width: 699px) 100vw, 699px\" \/><\/figure>\n","protected":false},"excerpt":{"rendered":"<p>O Instituto Nacional do Seguro Social (INSS) retoma, na pr\u00f3xima segunda-feira, dia 24 de agosto, o atendimento presencial nas suas ag\u00eancias. A suspens\u00e3o do atendimento nas unidades aconteceu em mar\u00e7o em raz\u00e3o da pandemia de covid-19 e, desde ent\u00e3o, o INSS e a Secretaria Especial de Previd\u00eancia e Trabalho do Minist\u00e9rio da Economia vem prorrogando o atendimento remoto aos segurados e benefici\u00e1rios. Os canais remotos &#8211; Meu INSS e Central 135 &#8211; continuar\u00e3o sendo utilizados mesmo ap\u00f3s a reabertura&hellip;<\/p>\n","protected":false},"author":1,"featured_media":18014,"comment_status":"open","ping_status":"open","sticky":false,"template":"","format":"standard","meta":{"footnotes":""},"categories":[1],"tags":[],"class_list":["post-18013","post","type-post","status-publish","format-standard","has-post-thumbnail","hentry","category-noticias"],"_links":{"self":[{"href":"https:\/\/blogdorogeriogomes.com.br\/noticias\/wp-json\/wp\/v2\/posts\/18013","targetHints":{"allow":["GET"]}}],"collection":[{"href":"https:\/\/blogdorogeriogomes.com.br\/noticias\/wp-json\/wp\/v2\/posts"}],"about":[{"href":"https:\/\/blogdorogeriogomes.com.br\/noticias\/wp-json\/wp\/v2\/types\/post"}],"author":[{"embeddable":true,"href":"https:\/\/blogdorogeriogomes.com.br\/noticias\/wp-json\/wp\/v2\/users\/1"}],"replies":[{"embeddable":true,"href":"https:\/\/blogdorogeriogomes.com.br\/noticias\/wp-json\/wp\/v2\/comments?post=18013"}],"version-history":[{"count":2,"href":"https:\/\/blogdorogeriogomes.com.br\/noticias\/wp-json\/wp\/v2\/posts\/18013\/revisions"}],"predecessor-version":[{"id":18034,"href":"https:\/\/blogdorogeriogomes.com.br\/noticias\/wp-json\/wp\/v2\/posts\/18013\/revisions\/18034"}],"wp:featuredmedia":[{"embeddable":true,"href":"https:\/\/blogdorogeriogomes.com.br\/noticias\/wp-json\/wp\/v2\/media\/18014"}],"wp:attachment":[{"href":"https:\/\/blogdorogeriogomes.com.br\/noticias\/wp-json\/wp\/v2\/media?parent=18013"}],"wp:term":[{"taxonomy":"category","embeddable":true,"href":"https:\/\/blogdorogeriogomes.com.br\/noticias\/wp-json\/wp\/v2\/categories?post=18013"},{"taxonomy":"post_tag","embeddable":true,"href":"https:\/\/blogdorogeriogomes.com.br\/noticias\/wp-json\/wp\/v2\/tags?post=18013"}],"curies":[{"name":"wp","href":"https:\/\/api.w.org\/{rel}","templated":true}]}}