{"id":18016,"date":"2020-08-21T23:09:11","date_gmt":"2020-08-21T23:09:11","guid":{"rendered":"https:\/\/blogdorogeriogomes.com.br\/?p=18016"},"modified":"2020-08-24T11:32:39","modified_gmt":"2020-08-24T11:32:39","slug":"camilo-santana-reafirma-aceno-de-volta-de-bares-cinemas-e-escolas-a-partir-de-setembro","status":"publish","type":"post","link":"https:\/\/blogdorogeriogomes.com.br\/noticias\/2020\/08\/camilo-santana-reafirma-aceno-de-volta-de-bares-cinemas-e-escolas-a-partir-de-setembro\/","title":{"rendered":"Camilo Santana reafirma aceno de volta de bares, cinemas e escolas a partir de setembro"},"content":{"rendered":"\n<p>O governador do Cear\u00e1, Camilo Santana, voltou a acenar com o retorno das atividades escolares presenciais, cinemas e bares, a partir de setembro. Nesta sexta-feira, dia 21 de agosto, ele definiu&nbsp;a continuidade das fases e medidas atuais em todas as regi\u00f5es do Cear\u00e1 para a pr\u00f3xima semana, quando ser\u00e1 editado um novo decreto governamental por causa do novo coronav\u00edrus. Fortaleza e munic\u00edpios da Macrorregi\u00e3o de Fortaleza seguem na Fase 4; Macrorregi\u00f5es de Sobral, Sert\u00e3o Central e Litoral Leste\/Jaguaribe entram na segunda semana da Fase 3; e Macrorregi\u00e3o do Cariri entra na segunda semana da Fase 2. <\/p>\n\n\n\n<p>&#8220;Ficou decidido que na pr\u00f3xima semana haver\u00e1 outras reuni\u00f5es para que a gente possa definir protocolos e um faseamento das atividades para reabrirem a partir de setembro deste ano&#8221;, afirmou Camilo Santana, em rela\u00e7\u00e3o ao retorno de bares, cinemas, escolas, universidades e eventos.&nbsp;<\/p>\n\n\n\n<figure class=\"wp-block-image size-large\"><img loading=\"lazy\" decoding=\"async\" width=\"1024\" height=\"576\" src=\"https:\/\/blogdorogeriogomes.com.br\/wp-content\/uploads\/2020\/08\/camilo-1024x576.jpg\" alt=\"\" class=\"wp-image-18017\" srcset=\"https:\/\/blogdorogeriogomes.com.br\/noticias\/wp-content\/uploads\/2020\/08\/camilo-1024x576.jpg 1024w, https:\/\/blogdorogeriogomes.com.br\/noticias\/wp-content\/uploads\/2020\/08\/camilo-300x169.jpg 300w, https:\/\/blogdorogeriogomes.com.br\/noticias\/wp-content\/uploads\/2020\/08\/camilo-768x432.jpg 768w, https:\/\/blogdorogeriogomes.com.br\/noticias\/wp-content\/uploads\/2020\/08\/camilo-800x450.jpg 800w, https:\/\/blogdorogeriogomes.com.br\/noticias\/wp-content\/uploads\/2020\/08\/camilo.jpg 1365w\" sizes=\"auto, (max-width: 1024px) 100vw, 1024px\" \/><\/figure>\n\n\n\n<p><\/p>\n","protected":false},"excerpt":{"rendered":"<p>O governador do Cear\u00e1, Camilo Santana, voltou a acenar com o retorno das atividades escolares presenciais, cinemas e bares, a partir de setembro. Nesta sexta-feira, dia 21 de agosto, ele definiu&nbsp;a continuidade das fases e medidas atuais em todas as regi\u00f5es do Cear\u00e1 para a pr\u00f3xima semana, quando ser\u00e1 editado um novo decreto governamental por causa do novo coronav\u00edrus. Fortaleza e munic\u00edpios da Macrorregi\u00e3o de Fortaleza seguem na Fase 4; Macrorregi\u00f5es de Sobral, Sert\u00e3o Central e Litoral Leste\/Jaguaribe entram&hellip;<\/p>\n","protected":false},"author":1,"featured_media":18017,"comment_status":"open","ping_status":"open","sticky":false,"template":"","format":"standard","meta":{"footnotes":""},"categories":[1],"tags":[],"class_list":["post-18016","post","type-post","status-publish","format-standard","has-post-thumbnail","hentry","category-noticias"],"_links":{"self":[{"href":"https:\/\/blogdorogeriogomes.com.br\/noticias\/wp-json\/wp\/v2\/posts\/18016","targetHints":{"allow":["GET"]}}],"collection":[{"href":"https:\/\/blogdorogeriogomes.com.br\/noticias\/wp-json\/wp\/v2\/posts"}],"about":[{"href":"https:\/\/blogdorogeriogomes.com.br\/noticias\/wp-json\/wp\/v2\/types\/post"}],"author":[{"embeddable":true,"href":"https:\/\/blogdorogeriogomes.com.br\/noticias\/wp-json\/wp\/v2\/users\/1"}],"replies":[{"embeddable":true,"href":"https:\/\/blogdorogeriogomes.com.br\/noticias\/wp-json\/wp\/v2\/comments?post=18016"}],"version-history":[{"count":2,"href":"https:\/\/blogdorogeriogomes.com.br\/noticias\/wp-json\/wp\/v2\/posts\/18016\/revisions"}],"predecessor-version":[{"id":18033,"href":"https:\/\/blogdorogeriogomes.com.br\/noticias\/wp-json\/wp\/v2\/posts\/18016\/revisions\/18033"}],"wp:featuredmedia":[{"embeddable":true,"href":"https:\/\/blogdorogeriogomes.com.br\/noticias\/wp-json\/wp\/v2\/media\/18017"}],"wp:attachment":[{"href":"https:\/\/blogdorogeriogomes.com.br\/noticias\/wp-json\/wp\/v2\/media?parent=18016"}],"wp:term":[{"taxonomy":"category","embeddable":true,"href":"https:\/\/blogdorogeriogomes.com.br\/noticias\/wp-json\/wp\/v2\/categories?post=18016"},{"taxonomy":"post_tag","embeddable":true,"href":"https:\/\/blogdorogeriogomes.com.br\/noticias\/wp-json\/wp\/v2\/tags?post=18016"}],"curies":[{"name":"wp","href":"https:\/\/api.w.org\/{rel}","templated":true}]}}