{"id":18020,"date":"2020-08-22T10:45:45","date_gmt":"2020-08-22T10:45:45","guid":{"rendered":"https:\/\/blogdorogeriogomes.com.br\/?p=18020"},"modified":"2020-08-24T11:32:31","modified_gmt":"2020-08-24T11:32:31","slug":"cerca-de-duas-mil-pessoas-sao-evacuadas-em-jati-mesmo-apos-ministerio-descartar-possibilidade-de-rompimento-de-barragem","status":"publish","type":"post","link":"https:\/\/blogdorogeriogomes.com.br\/noticias\/2020\/08\/cerca-de-duas-mil-pessoas-sao-evacuadas-em-jati-mesmo-apos-ministerio-descartar-possibilidade-de-rompimento-de-barragem\/","title":{"rendered":"Cerca de duas mil pessoas s\u00e3o evacuadas em Jati, mesmo ap\u00f3s Minist\u00e9rio descartar possibilidade de rompimento de barragem"},"content":{"rendered":"\n<p>Mesmo ap\u00f3s t\u00e9cnicos do Minist\u00e9rio do Desenvolvimento Regional descartarem risco de arrombamento da Barragem de Jati, cerca de duas mil pessoas tiveram de ser evacuadas na madrugada deste s\u00e1bado, dia 22 de agosto, nas proximidades da tubula\u00e7\u00e3o, que fica no munic\u00edpio de Jati, na Regi\u00e3o do Cariri. Nesta sexta-feira, dia 21, uma tubula\u00e7\u00e3o se rompeu e gerou um vazamento na obra, que faz parte do Eixo Norte do Projeto de Integra\u00e7\u00e3o do rio S\u00e3o Francisco, inaugurado no \u00faltimo dia 26 de junho pelo presidente Jair Bolsonaro.<\/p>\n\n\n\n<p>Os moradores foram levados para hot\u00e9is, pousadas e alojamentos na regi\u00e3o, al\u00e9m de casas de parentes. A medida segue o Plano de A\u00e7\u00e3o Emergencial  desencadeado pelo Minist\u00e9rio do Desenvolvimento Regional.<\/p>\n\n\n\n<p>Na \u00faltima quinta-feira, dia 20, tinha sido feito o acionamento das comportas do reservat\u00f3rio para que ele come\u00e7asse a abastecer o Cintur\u00e3o das \u00c1guas, que levar\u00e1 as \u00e1guas do rio S\u00e3o Francisco at\u00e9 o A\u00e7ude Castanh\u00e3o, que abastece Fortaleza e Regi\u00e3o Metropolitana.<\/p>\n\n\n\n<figure class=\"wp-block-image size-large\"><img loading=\"lazy\" decoding=\"async\" width=\"569\" height=\"320\" src=\"https:\/\/blogdorogeriogomes.com.br\/wp-content\/uploads\/2020\/08\/barragem-Jati.jpeg\" alt=\"\" class=\"wp-image-18021\" srcset=\"https:\/\/blogdorogeriogomes.com.br\/noticias\/wp-content\/uploads\/2020\/08\/barragem-Jati.jpeg 569w, https:\/\/blogdorogeriogomes.com.br\/noticias\/wp-content\/uploads\/2020\/08\/barragem-Jati-300x169.jpeg 300w\" sizes=\"auto, (max-width: 569px) 100vw, 569px\" \/><\/figure>\n\n\n\n<p><\/p>\n","protected":false},"excerpt":{"rendered":"<p>Mesmo ap\u00f3s t\u00e9cnicos do Minist\u00e9rio do Desenvolvimento Regional descartarem risco de arrombamento da Barragem de Jati, cerca de duas mil pessoas tiveram de ser evacuadas na madrugada deste s\u00e1bado, dia 22 de agosto, nas proximidades da tubula\u00e7\u00e3o, que fica no munic\u00edpio de Jati, na Regi\u00e3o do Cariri. Nesta sexta-feira, dia 21, uma tubula\u00e7\u00e3o se rompeu e gerou um vazamento na obra, que faz parte do Eixo Norte do Projeto de Integra\u00e7\u00e3o do rio S\u00e3o Francisco, inaugurado no \u00faltimo dia&hellip;<\/p>\n","protected":false},"author":1,"featured_media":18021,"comment_status":"open","ping_status":"open","sticky":false,"template":"","format":"standard","meta":{"footnotes":""},"categories":[1],"tags":[],"class_list":["post-18020","post","type-post","status-publish","format-standard","has-post-thumbnail","hentry","category-noticias"],"_links":{"self":[{"href":"https:\/\/blogdorogeriogomes.com.br\/noticias\/wp-json\/wp\/v2\/posts\/18020","targetHints":{"allow":["GET"]}}],"collection":[{"href":"https:\/\/blogdorogeriogomes.com.br\/noticias\/wp-json\/wp\/v2\/posts"}],"about":[{"href":"https:\/\/blogdorogeriogomes.com.br\/noticias\/wp-json\/wp\/v2\/types\/post"}],"author":[{"embeddable":true,"href":"https:\/\/blogdorogeriogomes.com.br\/noticias\/wp-json\/wp\/v2\/users\/1"}],"replies":[{"embeddable":true,"href":"https:\/\/blogdorogeriogomes.com.br\/noticias\/wp-json\/wp\/v2\/comments?post=18020"}],"version-history":[{"count":1,"href":"https:\/\/blogdorogeriogomes.com.br\/noticias\/wp-json\/wp\/v2\/posts\/18020\/revisions"}],"predecessor-version":[{"id":18022,"href":"https:\/\/blogdorogeriogomes.com.br\/noticias\/wp-json\/wp\/v2\/posts\/18020\/revisions\/18022"}],"wp:featuredmedia":[{"embeddable":true,"href":"https:\/\/blogdorogeriogomes.com.br\/noticias\/wp-json\/wp\/v2\/media\/18021"}],"wp:attachment":[{"href":"https:\/\/blogdorogeriogomes.com.br\/noticias\/wp-json\/wp\/v2\/media?parent=18020"}],"wp:term":[{"taxonomy":"category","embeddable":true,"href":"https:\/\/blogdorogeriogomes.com.br\/noticias\/wp-json\/wp\/v2\/categories?post=18020"},{"taxonomy":"post_tag","embeddable":true,"href":"https:\/\/blogdorogeriogomes.com.br\/noticias\/wp-json\/wp\/v2\/tags?post=18020"}],"curies":[{"name":"wp","href":"https:\/\/api.w.org\/{rel}","templated":true}]}}