{"id":18026,"date":"2020-08-24T09:22:49","date_gmt":"2020-08-24T09:22:49","guid":{"rendered":"https:\/\/blogdorogeriogomes.com.br\/?p=18026"},"modified":"2020-08-24T11:31:58","modified_gmt":"2020-08-24T11:31:58","slug":"bolsonaro-ataca-jornalista-apos-ser-questionado-sobre-cheque-depositado-por-queiroz-na-conta-da-primeira-dama","status":"publish","type":"post","link":"https:\/\/blogdorogeriogomes.com.br\/noticias\/2020\/08\/bolsonaro-ataca-jornalista-apos-ser-questionado-sobre-cheque-depositado-por-queiroz-na-conta-da-primeira-dama\/","title":{"rendered":"Bolsonaro ataca jornalista ap\u00f3s ser questionado sobre cheque depositado por Queiroz na conta da primeira-dama"},"content":{"rendered":"\n<p>O presidente Jair Bolsonaro deixou de lado a fase de calmaria no ataque a institui\u00e7\u00f5es e partiu novamente pra cima da imprensa ao ser questionado sobre as rela\u00e7\u00f5es do cl\u00e3 Bolsonaro com o ex-assessor Fabr\u00edcio Queiroz. Neste domingo, dia 23 de agosto, Bolsonaro disse ter vontade de encher a boca de um rep\u00f3rter de porrada, ap\u00f3s ser questionado sobre supostos dep\u00f3sitos feitos na conta da primeira-dama Michelle Bolsonaro pelo ex-assessor parlamentar Fabr\u00edcio Queiroz.<\/p>\n\n\n\n<p>\u201cVontade de encher tua boca com uma porrada, t\u00e1\u201d, afirmou o presidente, ap\u00f3s pergunta feita por jornalista do jornal O Globo, de acordo com \u00e1udio divulgado pelo jornal. A declara\u00e7\u00e3o foi dada durante visita feita por Bolsonaro \u00e0 Catedral de Bras\u00edlia.<\/p>\n\n\n\n<p>No in\u00edcio deste m\u00eas, a revista Cruso\u00e9 divulgou que Queiroz, que \u00e9 ex-assessor do senador Fl\u00e1vio Bolsonaro, depositou 72 mil reais em cheques na conta da primeira-dama entre 2011 e 2018, per\u00edodo em que \u00e9 suspeito de operar um esquema de \u201crachadinha\u201d no gabinete do filho do presidente Jair Bolsonaro na Assembleia Legislativa do Rio de Janeiro (Alerj).<\/p>\n\n\n\n<p>&nbsp;A Associa\u00e7\u00e3o Nacional de Jornais (ANJ), a Associa\u00e7\u00e3o Brasileira de Imprensa (ABI) e a Ordem dos Advogados do Brasil (OAB) criticaram a agress\u00e3o verbal e a amea\u00e7a de agress\u00e3o f\u00edsica feita por Jair Bolsonaro ao jornalista.<\/p>\n\n\n\n<figure class=\"wp-block-image size-large\"><img loading=\"lazy\" decoding=\"async\" width=\"1024\" height=\"615\" src=\"https:\/\/blogdorogeriogomes.com.br\/wp-content\/uploads\/2020\/08\/x88044969_PA-Brasilia-BSB-05-05-2020-Presidente-JAir-Bolsonaro-chega-ao-Palacio-da-Alvorada-e-fal.jpg.pagespeed.ic_.-5KDeyvTrX-1024x615.jpg\" alt=\"\" class=\"wp-image-18027\" srcset=\"https:\/\/blogdorogeriogomes.com.br\/noticias\/wp-content\/uploads\/2020\/08\/x88044969_PA-Brasilia-BSB-05-05-2020-Presidente-JAir-Bolsonaro-chega-ao-Palacio-da-Alvorada-e-fal.jpg.pagespeed.ic_.-5KDeyvTrX-1024x615.jpg 1024w, https:\/\/blogdorogeriogomes.com.br\/noticias\/wp-content\/uploads\/2020\/08\/x88044969_PA-Brasilia-BSB-05-05-2020-Presidente-JAir-Bolsonaro-chega-ao-Palacio-da-Alvorada-e-fal.jpg.pagespeed.ic_.-5KDeyvTrX-300x180.jpg 300w, https:\/\/blogdorogeriogomes.com.br\/noticias\/wp-content\/uploads\/2020\/08\/x88044969_PA-Brasilia-BSB-05-05-2020-Presidente-JAir-Bolsonaro-chega-ao-Palacio-da-Alvorada-e-fal.jpg.pagespeed.ic_.-5KDeyvTrX-768x461.jpg 768w, https:\/\/blogdorogeriogomes.com.br\/noticias\/wp-content\/uploads\/2020\/08\/x88044969_PA-Brasilia-BSB-05-05-2020-Presidente-JAir-Bolsonaro-chega-ao-Palacio-da-Alvorada-e-fal.jpg.pagespeed.ic_.-5KDeyvTrX-800x480.jpg 800w, https:\/\/blogdorogeriogomes.com.br\/noticias\/wp-content\/uploads\/2020\/08\/x88044969_PA-Brasilia-BSB-05-05-2020-Presidente-JAir-Bolsonaro-chega-ao-Palacio-da-Alvorada-e-fal.jpg.pagespeed.ic_.-5KDeyvTrX.jpg 1086w\" sizes=\"auto, (max-width: 1024px) 100vw, 1024px\" \/><\/figure>\n\n\n\n<p><\/p>\n","protected":false},"excerpt":{"rendered":"<p>O presidente Jair Bolsonaro deixou de lado a fase de calmaria no ataque a institui\u00e7\u00f5es e partiu novamente pra cima da imprensa ao ser questionado sobre as rela\u00e7\u00f5es do cl\u00e3 Bolsonaro com o ex-assessor Fabr\u00edcio Queiroz. Neste domingo, dia 23 de agosto, Bolsonaro disse ter vontade de encher a boca de um rep\u00f3rter de porrada, ap\u00f3s ser questionado sobre supostos dep\u00f3sitos feitos na conta da primeira-dama Michelle Bolsonaro pelo ex-assessor parlamentar Fabr\u00edcio Queiroz. \u201cVontade de encher tua boca com&hellip;<\/p>\n","protected":false},"author":1,"featured_media":18027,"comment_status":"open","ping_status":"open","sticky":false,"template":"","format":"standard","meta":{"footnotes":""},"categories":[1],"tags":[],"class_list":["post-18026","post","type-post","status-publish","format-standard","has-post-thumbnail","hentry","category-noticias"],"_links":{"self":[{"href":"https:\/\/blogdorogeriogomes.com.br\/noticias\/wp-json\/wp\/v2\/posts\/18026","targetHints":{"allow":["GET"]}}],"collection":[{"href":"https:\/\/blogdorogeriogomes.com.br\/noticias\/wp-json\/wp\/v2\/posts"}],"about":[{"href":"https:\/\/blogdorogeriogomes.com.br\/noticias\/wp-json\/wp\/v2\/types\/post"}],"author":[{"embeddable":true,"href":"https:\/\/blogdorogeriogomes.com.br\/noticias\/wp-json\/wp\/v2\/users\/1"}],"replies":[{"embeddable":true,"href":"https:\/\/blogdorogeriogomes.com.br\/noticias\/wp-json\/wp\/v2\/comments?post=18026"}],"version-history":[{"count":2,"href":"https:\/\/blogdorogeriogomes.com.br\/noticias\/wp-json\/wp\/v2\/posts\/18026\/revisions"}],"predecessor-version":[{"id":18032,"href":"https:\/\/blogdorogeriogomes.com.br\/noticias\/wp-json\/wp\/v2\/posts\/18026\/revisions\/18032"}],"wp:featuredmedia":[{"embeddable":true,"href":"https:\/\/blogdorogeriogomes.com.br\/noticias\/wp-json\/wp\/v2\/media\/18027"}],"wp:attachment":[{"href":"https:\/\/blogdorogeriogomes.com.br\/noticias\/wp-json\/wp\/v2\/media?parent=18026"}],"wp:term":[{"taxonomy":"category","embeddable":true,"href":"https:\/\/blogdorogeriogomes.com.br\/noticias\/wp-json\/wp\/v2\/categories?post=18026"},{"taxonomy":"post_tag","embeddable":true,"href":"https:\/\/blogdorogeriogomes.com.br\/noticias\/wp-json\/wp\/v2\/tags?post=18026"}],"curies":[{"name":"wp","href":"https:\/\/api.w.org\/{rel}","templated":true}]}}