{"id":18029,"date":"2020-08-24T09:33:43","date_gmt":"2020-08-24T09:33:43","guid":{"rendered":"https:\/\/blogdorogeriogomes.com.br\/?p=18029"},"modified":"2020-08-24T11:31:49","modified_gmt":"2020-08-24T11:31:49","slug":"ceara-se-destaca-na-retomada-de-empregos-com-carteira-assinada-no-mes-de-julho","status":"publish","type":"post","link":"https:\/\/blogdorogeriogomes.com.br\/noticias\/2020\/08\/ceara-se-destaca-na-retomada-de-empregos-com-carteira-assinada-no-mes-de-julho\/","title":{"rendered":"Cear\u00e1 se destaca na retomada de empregos com carteira assinada no m\u00eas de julho"},"content":{"rendered":"\n<p>Os n\u00fameros do Cadastro Geral de Empregados e Desempregados (Caged), divulgados pelo Minist\u00e9rio da Economia, revelam a gera\u00e7\u00e3o de 5.727 empregos com carteira assinada no Cear\u00e1, em julho de 2020. <\/p>\n\n\n\n<p>O dado destaca-se como o maior saldo do Nordeste, para o per\u00edodo, seguido dos estados do Maranh\u00e3o (4.919) e Pernambuco (4.624). O comportamento foi proveniente da expans\u00e3o do emprego principalmente nos setores da constru\u00e7\u00e3o civil (2.642) e ind\u00fastria (2.103), mas o com\u00e9rcio (871) e a agropecu\u00e1ria (580) tamb\u00e9m registraram saldos positivos. <\/p>\n\n\n\n<p>O governador do Cear\u00e1, Camilo Santana, atribuiu o saldo positivo na gera\u00e7\u00e3o de empregos em julho \u00e0 retomada das atividades econ\u00f4micas no Estado ap\u00f3s o pico da pandemia.<\/p>\n\n\n\n<figure class=\"wp-block-image size-large\"><img loading=\"lazy\" decoding=\"async\" width=\"739\" height=\"415\" src=\"https:\/\/blogdorogeriogomes.com.br\/wp-content\/uploads\/2020\/08\/images-16.jpeg\" alt=\"\" class=\"wp-image-18030\" srcset=\"https:\/\/blogdorogeriogomes.com.br\/noticias\/wp-content\/uploads\/2020\/08\/images-16.jpeg 739w, https:\/\/blogdorogeriogomes.com.br\/noticias\/wp-content\/uploads\/2020\/08\/images-16-300x168.jpeg 300w\" sizes=\"auto, (max-width: 739px) 100vw, 739px\" \/><\/figure>\n","protected":false},"excerpt":{"rendered":"<p>Os n\u00fameros do Cadastro Geral de Empregados e Desempregados (Caged), divulgados pelo Minist\u00e9rio da Economia, revelam a gera\u00e7\u00e3o de 5.727 empregos com carteira assinada no Cear\u00e1, em julho de 2020. O dado destaca-se como o maior saldo do Nordeste, para o per\u00edodo, seguido dos estados do Maranh\u00e3o (4.919) e Pernambuco (4.624). O comportamento foi proveniente da expans\u00e3o do emprego principalmente nos setores da constru\u00e7\u00e3o civil (2.642) e ind\u00fastria (2.103), mas o com\u00e9rcio (871) e a agropecu\u00e1ria (580) tamb\u00e9m registraram&hellip;<\/p>\n","protected":false},"author":1,"featured_media":18030,"comment_status":"open","ping_status":"open","sticky":false,"template":"","format":"standard","meta":{"footnotes":""},"categories":[1],"tags":[],"class_list":["post-18029","post","type-post","status-publish","format-standard","has-post-thumbnail","hentry","category-noticias"],"_links":{"self":[{"href":"https:\/\/blogdorogeriogomes.com.br\/noticias\/wp-json\/wp\/v2\/posts\/18029","targetHints":{"allow":["GET"]}}],"collection":[{"href":"https:\/\/blogdorogeriogomes.com.br\/noticias\/wp-json\/wp\/v2\/posts"}],"about":[{"href":"https:\/\/blogdorogeriogomes.com.br\/noticias\/wp-json\/wp\/v2\/types\/post"}],"author":[{"embeddable":true,"href":"https:\/\/blogdorogeriogomes.com.br\/noticias\/wp-json\/wp\/v2\/users\/1"}],"replies":[{"embeddable":true,"href":"https:\/\/blogdorogeriogomes.com.br\/noticias\/wp-json\/wp\/v2\/comments?post=18029"}],"version-history":[{"count":1,"href":"https:\/\/blogdorogeriogomes.com.br\/noticias\/wp-json\/wp\/v2\/posts\/18029\/revisions"}],"predecessor-version":[{"id":18031,"href":"https:\/\/blogdorogeriogomes.com.br\/noticias\/wp-json\/wp\/v2\/posts\/18029\/revisions\/18031"}],"wp:featuredmedia":[{"embeddable":true,"href":"https:\/\/blogdorogeriogomes.com.br\/noticias\/wp-json\/wp\/v2\/media\/18030"}],"wp:attachment":[{"href":"https:\/\/blogdorogeriogomes.com.br\/noticias\/wp-json\/wp\/v2\/media?parent=18029"}],"wp:term":[{"taxonomy":"category","embeddable":true,"href":"https:\/\/blogdorogeriogomes.com.br\/noticias\/wp-json\/wp\/v2\/categories?post=18029"},{"taxonomy":"post_tag","embeddable":true,"href":"https:\/\/blogdorogeriogomes.com.br\/noticias\/wp-json\/wp\/v2\/tags?post=18029"}],"curies":[{"name":"wp","href":"https:\/\/api.w.org\/{rel}","templated":true}]}}