{"id":18048,"date":"2020-08-25T18:19:25","date_gmt":"2020-08-25T18:19:25","guid":{"rendered":"https:\/\/blogdorogeriogomes.com.br\/?p=18048"},"modified":"2020-08-25T19:40:19","modified_gmt":"2020-08-25T19:40:19","slug":"prefeitura-de-fortaleza-faz-inauguracao-do-novo-polo-gastronomico-da-varjota-nesta-quarta-feira","status":"publish","type":"post","link":"https:\/\/blogdorogeriogomes.com.br\/noticias\/2020\/08\/prefeitura-de-fortaleza-faz-inauguracao-do-novo-polo-gastronomico-da-varjota-nesta-quarta-feira\/","title":{"rendered":"Prefeitura de Fortaleza faz inaugura\u00e7\u00e3o do novo Polo Gastron\u00f4mico da Varjota nesta quarta-feira"},"content":{"rendered":"\n<p>Conhecido reduto de bares e restaurantes de Fortaleza, o novo Polo Gastron\u00f4mico da Varjota ser\u00e1 entregue pelo prefeito Roberto Cl\u00e1udio, nesta quarta-feira, dia 26 de agosto. O novo espa\u00e7o conta com 1,5 km de vias totalmente urbanizadas, correspondente \u00e0s ruas Ana Bilhar e Frederico Borges que passaram por obras de revitaliza\u00e7\u00e3o onde receberam nova pavimenta\u00e7\u00e3o com blocos em concreto, ciclofaixa, novas cal\u00e7adas acess\u00edveis com piso t\u00e1til e rampas, al\u00e9m de nova ilumina\u00e7\u00e3o e passagens elevadas nos cruzamentos, mudan\u00e7as que priorizam o pedestre e estimulam os frequentadores locais \u00e0 pr\u00e1tica da caminhada e outros modais como forma de deslocamento. &nbsp;<\/p>\n\n\n\n<p>Ao longo de todo o novo corredor gastron\u00f4mico foram instalados espa\u00e7os de conviv\u00eancia com mobili\u00e1rios urbanos e paisagismo. As interven\u00e7\u00f5es urban\u00edsticas contaram com a instala\u00e7\u00e3o de parklets em madeira, dotados de jardineiras, paraciclos e bancos, um verdadeiro convite para uma pausa com os amigos ou poder contemplar o bairro sem pressa.<\/p>\n\n\n\n<p>Com investimento de R$ 13 milh\u00f5es, o novo polo ir\u00e1 beneficiar os mais de 110 estabelecimentos existentes na regi\u00e3o, fortalecendo o turismo gastron\u00f4mico deste que \u00e9 considerado o point mais bo\u00eamio da cidade.<\/p>\n\n\n\n<figure class=\"wp-block-image size-large\"><img loading=\"lazy\" decoding=\"async\" width=\"1024\" height=\"576\" src=\"https:\/\/blogdorogeriogomes.com.br\/wp-content\/uploads\/2020\/08\/IMG-20200825-WA0078-1024x576.jpg\" alt=\"\" class=\"wp-image-18049\" srcset=\"https:\/\/blogdorogeriogomes.com.br\/noticias\/wp-content\/uploads\/2020\/08\/IMG-20200825-WA0078-1024x576.jpg 1024w, https:\/\/blogdorogeriogomes.com.br\/noticias\/wp-content\/uploads\/2020\/08\/IMG-20200825-WA0078-300x169.jpg 300w, https:\/\/blogdorogeriogomes.com.br\/noticias\/wp-content\/uploads\/2020\/08\/IMG-20200825-WA0078-768x432.jpg 768w, https:\/\/blogdorogeriogomes.com.br\/noticias\/wp-content\/uploads\/2020\/08\/IMG-20200825-WA0078-800x450.jpg 800w, https:\/\/blogdorogeriogomes.com.br\/noticias\/wp-content\/uploads\/2020\/08\/IMG-20200825-WA0078.jpg 1280w\" sizes=\"auto, (max-width: 1024px) 100vw, 1024px\" \/><\/figure>\n","protected":false},"excerpt":{"rendered":"<p>Conhecido reduto de bares e restaurantes de Fortaleza, o novo Polo Gastron\u00f4mico da Varjota ser\u00e1 entregue pelo prefeito Roberto Cl\u00e1udio, nesta quarta-feira, dia 26 de agosto. O novo espa\u00e7o conta com 1,5 km de vias totalmente urbanizadas, correspondente \u00e0s ruas Ana Bilhar e Frederico Borges que passaram por obras de revitaliza\u00e7\u00e3o onde receberam nova pavimenta\u00e7\u00e3o com blocos em concreto, ciclofaixa, novas cal\u00e7adas acess\u00edveis com piso t\u00e1til e rampas, al\u00e9m de nova ilumina\u00e7\u00e3o e passagens elevadas nos cruzamentos, mudan\u00e7as que&hellip;<\/p>\n","protected":false},"author":1,"featured_media":18049,"comment_status":"open","ping_status":"open","sticky":false,"template":"","format":"standard","meta":{"footnotes":""},"categories":[1],"tags":[],"class_list":["post-18048","post","type-post","status-publish","format-standard","has-post-thumbnail","hentry","category-noticias"],"_links":{"self":[{"href":"https:\/\/blogdorogeriogomes.com.br\/noticias\/wp-json\/wp\/v2\/posts\/18048","targetHints":{"allow":["GET"]}}],"collection":[{"href":"https:\/\/blogdorogeriogomes.com.br\/noticias\/wp-json\/wp\/v2\/posts"}],"about":[{"href":"https:\/\/blogdorogeriogomes.com.br\/noticias\/wp-json\/wp\/v2\/types\/post"}],"author":[{"embeddable":true,"href":"https:\/\/blogdorogeriogomes.com.br\/noticias\/wp-json\/wp\/v2\/users\/1"}],"replies":[{"embeddable":true,"href":"https:\/\/blogdorogeriogomes.com.br\/noticias\/wp-json\/wp\/v2\/comments?post=18048"}],"version-history":[{"count":2,"href":"https:\/\/blogdorogeriogomes.com.br\/noticias\/wp-json\/wp\/v2\/posts\/18048\/revisions"}],"predecessor-version":[{"id":18051,"href":"https:\/\/blogdorogeriogomes.com.br\/noticias\/wp-json\/wp\/v2\/posts\/18048\/revisions\/18051"}],"wp:featuredmedia":[{"embeddable":true,"href":"https:\/\/blogdorogeriogomes.com.br\/noticias\/wp-json\/wp\/v2\/media\/18049"}],"wp:attachment":[{"href":"https:\/\/blogdorogeriogomes.com.br\/noticias\/wp-json\/wp\/v2\/media?parent=18048"}],"wp:term":[{"taxonomy":"category","embeddable":true,"href":"https:\/\/blogdorogeriogomes.com.br\/noticias\/wp-json\/wp\/v2\/categories?post=18048"},{"taxonomy":"post_tag","embeddable":true,"href":"https:\/\/blogdorogeriogomes.com.br\/noticias\/wp-json\/wp\/v2\/tags?post=18048"}],"curies":[{"name":"wp","href":"https:\/\/api.w.org\/{rel}","templated":true}]}}