{"id":18056,"date":"2020-08-25T23:21:53","date_gmt":"2020-08-25T23:21:53","guid":{"rendered":"https:\/\/blogdorogeriogomes.com.br\/?p=18056"},"modified":"2020-08-26T15:08:17","modified_gmt":"2020-08-26T15:08:17","slug":"senado-aprova-novo-fundeb-que-passa-a-garantir-verba-permanente-para-a-educacao-a-partir-de-2021","status":"publish","type":"post","link":"https:\/\/blogdorogeriogomes.com.br\/noticias\/2020\/08\/senado-aprova-novo-fundeb-que-passa-a-garantir-verba-permanente-para-a-educacao-a-partir-de-2021\/","title":{"rendered":"Senado aprova novo Fundeb que passa a garantir verba permanente para a educa\u00e7\u00e3o a partir de 2021"},"content":{"rendered":"\n<p>O Senado Federal aprovou, na sess\u00e3o remota desta ter\u00e7a-feira, dia 25 de agosto, a PEC que torna o novo Fundeb permanente a partir de 2021. A Proposta de Emenda \u00e0 Constitui\u00e7\u00e3o passou sem mudan\u00e7as por unanimidade dos 79 senadores votantes na sess\u00e3o de hoje. O texto ser\u00e1 promulgado j\u00e1 nesta quarta-feira, em sess\u00e3o solene no Congresso Nacional e passar\u00e1 a valer a partir de janeiro do pr\u00f3ximo ano.<\/p>\n\n\n\n<p>Os senadores decidiram n\u00e3o mexer no texto que veio da C\u00e2mara para dar tempo de regulamentar o fundo at\u00e9 o final do ano. O senador cearense Cid Gomes votou a favor da mat\u00e9ria e destacou a import\u00e2ncia de manter o Fundeb e de ampliar a participa\u00e7\u00e3o da Uni\u00e3o no financiamento da educa\u00e7\u00e3o b\u00e1sica.<\/p>\n\n\n\n<p>\u201cO Governo Federal tem, historicamente, uma grande d\u00edvida com a educa\u00e7\u00e3o b\u00e1sica brasileira, falo de ensino m\u00e9dio, ensino fundamental e ensino infantil. A Uni\u00e3o deixa a responsabilidade da educa\u00e7\u00e3o b\u00e1sica com estados e munic\u00edpios e atua muito pouco\u201d, avaliou Cid, lembrando que a proposta aprovada amplia de 10% para 23% a participa\u00e7\u00e3o da Uni\u00e3o no financiamento do Fundo.<\/p>\n\n\n\n<figure class=\"wp-block-gallery columns-1 is-cropped wp-block-gallery-1 is-layout-flex wp-block-gallery-is-layout-flex\"><ul class=\"blocks-gallery-grid\"><li class=\"blocks-gallery-item\"><figure><img loading=\"lazy\" decoding=\"async\" width=\"1024\" height=\"576\" src=\"https:\/\/blogdorogeriogomes.com.br\/wp-content\/uploads\/2020\/08\/foto-2-1024x576.jpg\" alt=\"\" data-id=\"18057\" data-link=\"https:\/\/blogdorogeriogomes.com.br\/?attachment_id=18057\" class=\"wp-image-18057\" srcset=\"https:\/\/blogdorogeriogomes.com.br\/noticias\/wp-content\/uploads\/2020\/08\/foto-2-1024x576.jpg 1024w, https:\/\/blogdorogeriogomes.com.br\/noticias\/wp-content\/uploads\/2020\/08\/foto-2-300x169.jpg 300w, https:\/\/blogdorogeriogomes.com.br\/noticias\/wp-content\/uploads\/2020\/08\/foto-2-768x432.jpg 768w, https:\/\/blogdorogeriogomes.com.br\/noticias\/wp-content\/uploads\/2020\/08\/foto-2-1536x864.jpg 1536w, https:\/\/blogdorogeriogomes.com.br\/noticias\/wp-content\/uploads\/2020\/08\/foto-2-800x450.jpg 800w, https:\/\/blogdorogeriogomes.com.br\/noticias\/wp-content\/uploads\/2020\/08\/foto-2.jpg 2048w\" sizes=\"auto, (max-width: 1024px) 100vw, 1024px\" \/><\/figure><\/li><\/ul><\/figure>\n","protected":false},"excerpt":{"rendered":"<p>O Senado Federal aprovou, na sess\u00e3o remota desta ter\u00e7a-feira, dia 25 de agosto, a PEC que torna o novo Fundeb permanente a partir de 2021. A Proposta de Emenda \u00e0 Constitui\u00e7\u00e3o passou sem mudan\u00e7as por unanimidade dos 79 senadores votantes na sess\u00e3o de hoje. O texto ser\u00e1 promulgado j\u00e1 nesta quarta-feira, em sess\u00e3o solene no Congresso Nacional e passar\u00e1 a valer a partir de janeiro do pr\u00f3ximo ano. Os senadores decidiram n\u00e3o mexer no texto que veio da C\u00e2mara&hellip;<\/p>\n","protected":false},"author":1,"featured_media":18058,"comment_status":"open","ping_status":"open","sticky":false,"template":"","format":"standard","meta":{"footnotes":""},"categories":[1],"tags":[],"class_list":["post-18056","post","type-post","status-publish","format-standard","has-post-thumbnail","hentry","category-noticias"],"_links":{"self":[{"href":"https:\/\/blogdorogeriogomes.com.br\/noticias\/wp-json\/wp\/v2\/posts\/18056","targetHints":{"allow":["GET"]}}],"collection":[{"href":"https:\/\/blogdorogeriogomes.com.br\/noticias\/wp-json\/wp\/v2\/posts"}],"about":[{"href":"https:\/\/blogdorogeriogomes.com.br\/noticias\/wp-json\/wp\/v2\/types\/post"}],"author":[{"embeddable":true,"href":"https:\/\/blogdorogeriogomes.com.br\/noticias\/wp-json\/wp\/v2\/users\/1"}],"replies":[{"embeddable":true,"href":"https:\/\/blogdorogeriogomes.com.br\/noticias\/wp-json\/wp\/v2\/comments?post=18056"}],"version-history":[{"count":1,"href":"https:\/\/blogdorogeriogomes.com.br\/noticias\/wp-json\/wp\/v2\/posts\/18056\/revisions"}],"predecessor-version":[{"id":18059,"href":"https:\/\/blogdorogeriogomes.com.br\/noticias\/wp-json\/wp\/v2\/posts\/18056\/revisions\/18059"}],"wp:featuredmedia":[{"embeddable":true,"href":"https:\/\/blogdorogeriogomes.com.br\/noticias\/wp-json\/wp\/v2\/media\/18058"}],"wp:attachment":[{"href":"https:\/\/blogdorogeriogomes.com.br\/noticias\/wp-json\/wp\/v2\/media?parent=18056"}],"wp:term":[{"taxonomy":"category","embeddable":true,"href":"https:\/\/blogdorogeriogomes.com.br\/noticias\/wp-json\/wp\/v2\/categories?post=18056"},{"taxonomy":"post_tag","embeddable":true,"href":"https:\/\/blogdorogeriogomes.com.br\/noticias\/wp-json\/wp\/v2\/tags?post=18056"}],"curies":[{"name":"wp","href":"https:\/\/api.w.org\/{rel}","templated":true}]}}