{"id":18060,"date":"2020-08-26T09:13:53","date_gmt":"2020-08-26T09:13:53","guid":{"rendered":"https:\/\/blogdorogeriogomes.com.br\/?p=18060"},"modified":"2020-08-26T15:08:09","modified_gmt":"2020-08-26T15:08:09","slug":"tcu-arquiva-processo-que-apontava-supostas-irregularidades-na-compra-de-respiradores-em-fortaleza","status":"publish","type":"post","link":"https:\/\/blogdorogeriogomes.com.br\/noticias\/2020\/08\/tcu-arquiva-processo-que-apontava-supostas-irregularidades-na-compra-de-respiradores-em-fortaleza\/","title":{"rendered":"TCU arquiva processo que apontava supostas irregularidades na compra de respiradores em Fortaleza"},"content":{"rendered":"\n<p>Os ministros do Tribunal de Contas da Uni\u00e3o (TCU) decidiram por unanimidade, nesta ter\u00e7a-feira, dia 25 de agosto, arquivar o processo que corria no \u00f3rg\u00e3o para analisar supostas irregularidades na compra de respiradores pela Prefeitura de Fortaleza. A decis\u00e3o dos ministros confirma que o dinheiro utilizado na aquisi\u00e7\u00e3o dos equipamentos n\u00e3o foi de recursos federais e sim do Tesouro Municipal.<\/p>\n\n\n\n<p>Em maio, uma for\u00e7a-tarefa da Pol\u00edcia Federal, Minist\u00e9rio P\u00fablico Federal e Controladoria Geral da Uni\u00e3o apontava problemas na compra dos respiradores. Na \u00e9poca, a Prefeitura de Fortaleza alegou que n\u00e3o havia recursos da Uni\u00e3o envolvidos na opera\u00e7\u00e3o.  Os respiradores nunca chegaram a ser entregues porque os contratos j\u00e1 haviam sido rescindidos por decis\u00e3o da Prefeitura, devido a incapacidade t\u00e9cnica demonstrada pela empresa. &nbsp;Ainda no per\u00edodo, o prefeito da Capital, Roberto Cl\u00e1udio, alegou que a opera\u00e7\u00e3o teve &#8220;erros grosseiros&#8221; e motiva\u00e7\u00f5es pol\u00edticas.<\/p>\n\n\n\n<figure class=\"wp-block-image size-large\"><img loading=\"lazy\" decoding=\"async\" width=\"1024\" height=\"597\" src=\"https:\/\/blogdorogeriogomes.com.br\/wp-content\/uploads\/2020\/08\/f0fa8b00-60d1-0138-3487-0a58a9feac2a-minified-1024x597.jpg\" alt=\"\" class=\"wp-image-18061\" srcset=\"https:\/\/blogdorogeriogomes.com.br\/noticias\/wp-content\/uploads\/2020\/08\/f0fa8b00-60d1-0138-3487-0a58a9feac2a-minified-1024x597.jpg 1024w, https:\/\/blogdorogeriogomes.com.br\/noticias\/wp-content\/uploads\/2020\/08\/f0fa8b00-60d1-0138-3487-0a58a9feac2a-minified-300x175.jpg 300w, https:\/\/blogdorogeriogomes.com.br\/noticias\/wp-content\/uploads\/2020\/08\/f0fa8b00-60d1-0138-3487-0a58a9feac2a-minified-768x448.jpg 768w, https:\/\/blogdorogeriogomes.com.br\/noticias\/wp-content\/uploads\/2020\/08\/f0fa8b00-60d1-0138-3487-0a58a9feac2a-minified-800x467.jpg 800w, https:\/\/blogdorogeriogomes.com.br\/noticias\/wp-content\/uploads\/2020\/08\/f0fa8b00-60d1-0138-3487-0a58a9feac2a-minified.jpg 1140w\" sizes=\"auto, (max-width: 1024px) 100vw, 1024px\" \/><\/figure>\n\n\n\n<p>&nbsp;<\/p>\n","protected":false},"excerpt":{"rendered":"<p>Os ministros do Tribunal de Contas da Uni\u00e3o (TCU) decidiram por unanimidade, nesta ter\u00e7a-feira, dia 25 de agosto, arquivar o processo que corria no \u00f3rg\u00e3o para analisar supostas irregularidades na compra de respiradores pela Prefeitura de Fortaleza. A decis\u00e3o dos ministros confirma que o dinheiro utilizado na aquisi\u00e7\u00e3o dos equipamentos n\u00e3o foi de recursos federais e sim do Tesouro Municipal. Em maio, uma for\u00e7a-tarefa da Pol\u00edcia Federal, Minist\u00e9rio P\u00fablico Federal e Controladoria Geral da Uni\u00e3o apontava problemas na compra&hellip;<\/p>\n","protected":false},"author":1,"featured_media":18061,"comment_status":"open","ping_status":"open","sticky":false,"template":"","format":"standard","meta":{"footnotes":""},"categories":[1],"tags":[],"class_list":["post-18060","post","type-post","status-publish","format-standard","has-post-thumbnail","hentry","category-noticias"],"_links":{"self":[{"href":"https:\/\/blogdorogeriogomes.com.br\/noticias\/wp-json\/wp\/v2\/posts\/18060","targetHints":{"allow":["GET"]}}],"collection":[{"href":"https:\/\/blogdorogeriogomes.com.br\/noticias\/wp-json\/wp\/v2\/posts"}],"about":[{"href":"https:\/\/blogdorogeriogomes.com.br\/noticias\/wp-json\/wp\/v2\/types\/post"}],"author":[{"embeddable":true,"href":"https:\/\/blogdorogeriogomes.com.br\/noticias\/wp-json\/wp\/v2\/users\/1"}],"replies":[{"embeddable":true,"href":"https:\/\/blogdorogeriogomes.com.br\/noticias\/wp-json\/wp\/v2\/comments?post=18060"}],"version-history":[{"count":2,"href":"https:\/\/blogdorogeriogomes.com.br\/noticias\/wp-json\/wp\/v2\/posts\/18060\/revisions"}],"predecessor-version":[{"id":18067,"href":"https:\/\/blogdorogeriogomes.com.br\/noticias\/wp-json\/wp\/v2\/posts\/18060\/revisions\/18067"}],"wp:featuredmedia":[{"embeddable":true,"href":"https:\/\/blogdorogeriogomes.com.br\/noticias\/wp-json\/wp\/v2\/media\/18061"}],"wp:attachment":[{"href":"https:\/\/blogdorogeriogomes.com.br\/noticias\/wp-json\/wp\/v2\/media?parent=18060"}],"wp:term":[{"taxonomy":"category","embeddable":true,"href":"https:\/\/blogdorogeriogomes.com.br\/noticias\/wp-json\/wp\/v2\/categories?post=18060"},{"taxonomy":"post_tag","embeddable":true,"href":"https:\/\/blogdorogeriogomes.com.br\/noticias\/wp-json\/wp\/v2\/tags?post=18060"}],"curies":[{"name":"wp","href":"https:\/\/api.w.org\/{rel}","templated":true}]}}