{"id":18069,"date":"2020-08-26T20:41:37","date_gmt":"2020-08-26T20:41:37","guid":{"rendered":"https:\/\/blogdorogeriogomes.com.br\/?p=18069"},"modified":"2020-08-27T11:17:30","modified_gmt":"2020-08-27T11:17:30","slug":"dr-cabeto-confirma-que-aulas-nas-escolas-podem-voltar-de-forma-gradual-de-setembro-ate-outubro-no-ceara","status":"publish","type":"post","link":"https:\/\/blogdorogeriogomes.com.br\/noticias\/2020\/08\/dr-cabeto-confirma-que-aulas-nas-escolas-podem-voltar-de-forma-gradual-de-setembro-ate-outubro-no-ceara\/","title":{"rendered":"Dr. Cabeto confirma que aulas nas escolas podem voltar de forma gradual de setembro at\u00e9 outubro no Cear\u00e1"},"content":{"rendered":"\n<p>As discuss\u00f5es com o setor das escolas foram iniciadas. Segundo o secret\u00e1rio da Sa\u00fade do Estado, Dr. Cabeto, em entrevista concedida \u00e0 r\u00e1dio Jangadeiro, o Governo do Cear\u00e1 iniciou a formata\u00e7\u00e3o de um plano gradual de retorno das aulas presenciais na rede p\u00fablica e particular de ensino que pode ser efetivado por fases entre setembro e outubro. O plano ainda deve passar pela avalia\u00e7\u00e3o do Comit\u00ea Cient\u00edfico de Enfrentamento \u00e0 Pandemia da Covid-19, que vem orientando as autoridades na defini\u00e7\u00e3o dos decretos de retomada das atividades econ\u00f4micas. De acordo com Dr. Cabeto, at\u00e9 o fim de semana, se deve ter um posicionamento mais concreto sobre a implementa\u00e7\u00e3o do plano. \u201cFizemos v\u00e1rias reuni\u00f5es com os secret\u00e1rios municipais e estaduais de educa\u00e7\u00e3o, com reitores, economistas e epidemiologistas. Agora, n\u00f3s vamos levar as propostas para esse comit\u00ea\u201d, afirmou o Secret\u00e1rio de Sa\u00fade do Cear\u00e1.<\/p>\n\n\n\n<p>Antes da retomada gradual das aulas presenciais nas redes p\u00fablica e particular de ensino, ser\u00e1 obrigat\u00f3rio seguir o protocolo de testagem massiva para detec\u00e7\u00e3o do novo coronav\u00edrus em alunos, professores e funcion\u00e1rios das escolas.<\/p>\n\n\n\n<p>Vale lembrar que o Governador do Cear\u00e1, Camilo Santana, j\u00e1 adiantou que mesmo com o retorno presencial das aulas, as escolas privadas e p\u00fablicas ter\u00e3o de oferecer tamb\u00e9m a op\u00e7\u00e3o das aulas online para os alunos, cujo os pais n\u00e3o desejem que os filhos retornem para a sala de aula enquanto n\u00e3o surgir uma vacina preventiva para o coronav\u00edrus.<\/p>\n\n\n\n<figure class=\"wp-block-image size-large\"><img loading=\"lazy\" decoding=\"async\" width=\"550\" height=\"309\" src=\"https:\/\/blogdorogeriogomes.com.br\/wp-content\/uploads\/2020\/08\/images-3-3.jpeg\" alt=\"\" class=\"wp-image-18070\" srcset=\"https:\/\/blogdorogeriogomes.com.br\/noticias\/wp-content\/uploads\/2020\/08\/images-3-3.jpeg 550w, https:\/\/blogdorogeriogomes.com.br\/noticias\/wp-content\/uploads\/2020\/08\/images-3-3-300x169.jpeg 300w\" sizes=\"auto, (max-width: 550px) 100vw, 550px\" \/><\/figure>\n\n\n\n<p><\/p>\n","protected":false},"excerpt":{"rendered":"<p>As discuss\u00f5es com o setor das escolas foram iniciadas. Segundo o secret\u00e1rio da Sa\u00fade do Estado, Dr. Cabeto, em entrevista concedida \u00e0 r\u00e1dio Jangadeiro, o Governo do Cear\u00e1 iniciou a formata\u00e7\u00e3o de um plano gradual de retorno das aulas presenciais na rede p\u00fablica e particular de ensino que pode ser efetivado por fases entre setembro e outubro. O plano ainda deve passar pela avalia\u00e7\u00e3o do Comit\u00ea Cient\u00edfico de Enfrentamento \u00e0 Pandemia da Covid-19, que vem orientando as autoridades na&hellip;<\/p>\n","protected":false},"author":1,"featured_media":18070,"comment_status":"open","ping_status":"open","sticky":false,"template":"","format":"standard","meta":{"footnotes":""},"categories":[1],"tags":[],"class_list":["post-18069","post","type-post","status-publish","format-standard","has-post-thumbnail","hentry","category-noticias"],"_links":{"self":[{"href":"https:\/\/blogdorogeriogomes.com.br\/noticias\/wp-json\/wp\/v2\/posts\/18069","targetHints":{"allow":["GET"]}}],"collection":[{"href":"https:\/\/blogdorogeriogomes.com.br\/noticias\/wp-json\/wp\/v2\/posts"}],"about":[{"href":"https:\/\/blogdorogeriogomes.com.br\/noticias\/wp-json\/wp\/v2\/types\/post"}],"author":[{"embeddable":true,"href":"https:\/\/blogdorogeriogomes.com.br\/noticias\/wp-json\/wp\/v2\/users\/1"}],"replies":[{"embeddable":true,"href":"https:\/\/blogdorogeriogomes.com.br\/noticias\/wp-json\/wp\/v2\/comments?post=18069"}],"version-history":[{"count":1,"href":"https:\/\/blogdorogeriogomes.com.br\/noticias\/wp-json\/wp\/v2\/posts\/18069\/revisions"}],"predecessor-version":[{"id":18071,"href":"https:\/\/blogdorogeriogomes.com.br\/noticias\/wp-json\/wp\/v2\/posts\/18069\/revisions\/18071"}],"wp:featuredmedia":[{"embeddable":true,"href":"https:\/\/blogdorogeriogomes.com.br\/noticias\/wp-json\/wp\/v2\/media\/18070"}],"wp:attachment":[{"href":"https:\/\/blogdorogeriogomes.com.br\/noticias\/wp-json\/wp\/v2\/media?parent=18069"}],"wp:term":[{"taxonomy":"category","embeddable":true,"href":"https:\/\/blogdorogeriogomes.com.br\/noticias\/wp-json\/wp\/v2\/categories?post=18069"},{"taxonomy":"post_tag","embeddable":true,"href":"https:\/\/blogdorogeriogomes.com.br\/noticias\/wp-json\/wp\/v2\/tags?post=18069"}],"curies":[{"name":"wp","href":"https:\/\/api.w.org\/{rel}","templated":true}]}}