{"id":18075,"date":"2020-08-27T09:20:28","date_gmt":"2020-08-27T09:20:28","guid":{"rendered":"https:\/\/blogdorogeriogomes.com.br\/?p=18075"},"modified":"2020-08-27T11:17:06","modified_gmt":"2020-08-27T11:17:06","slug":"comeca-a-tramitar-na-assembleia-legislativa-do-ceara-a-regulamentacao-dos-recursos-de-ajuda-ao-setor-da-cultura","status":"publish","type":"post","link":"https:\/\/blogdorogeriogomes.com.br\/noticias\/2020\/08\/comeca-a-tramitar-na-assembleia-legislativa-do-ceara-a-regulamentacao-dos-recursos-de-ajuda-ao-setor-da-cultura\/","title":{"rendered":"Come\u00e7a a tramitar na Assembleia Legislativa do Cear\u00e1 a regulamenta\u00e7\u00e3o dos recursos de ajuda ao setor da Cultura"},"content":{"rendered":"\n<p>Come\u00e7a a tramitar, nesta quinta-feira, dia 27 de agosto, na Assembleia Legislativa do Cear\u00e1, o projeto que regulamenta a distribui\u00e7\u00e3o dos recursos da Lei Aldir Blanc para o&nbsp;setor cultural. A medida possibilita a concess\u00e3o de aux\u00edlio emergencial de R$ 600 aos profissionais da cultura aut\u00f4nomos que n\u00e3o foram contemplados pelo aux\u00edlio emergencial geral e prev\u00ea outras a\u00e7\u00f5es. De acordo com a lei federal, o aux\u00edlio aos trabalhadores informais deve contemplar tr\u00eas parcelas de R$ 600. A medida foi sancionada no fim de junho pelo presidente Jair Bolsonaro ap\u00f3s ser aprovada pela C\u00e2mara dos Deputados e pelo Senado.&nbsp;<\/p>\n\n\n\n<p>Os recursos ser\u00e3o transferidos aos artistas e estabelecimentos do setor atrav\u00e9s do Fundo Estadual da Cultura. A Lei Audir Blanc prev\u00ea a destina\u00e7\u00e3o de R$ 3 bilh\u00f5es do Governo Federal para ajudar o setor cultural em todo o Pa\u00eds. Desse valor, R$ 138 milh\u00f5es devem vir para o Cear\u00e1, sendo R$ 71 milh\u00f5es para o Estado e R$ 67 milh\u00f5es para os 184 munic\u00edpios cearenses. <\/p>\n\n\n\n<figure class=\"wp-block-image size-large\"><img loading=\"lazy\" decoding=\"async\" width=\"984\" height=\"656\" src=\"https:\/\/blogdorogeriogomes.com.br\/wp-content\/uploads\/2020\/08\/pandemia.jpg\" alt=\"\" class=\"wp-image-18076\" srcset=\"https:\/\/blogdorogeriogomes.com.br\/noticias\/wp-content\/uploads\/2020\/08\/pandemia.jpg 984w, https:\/\/blogdorogeriogomes.com.br\/noticias\/wp-content\/uploads\/2020\/08\/pandemia-300x200.jpg 300w, https:\/\/blogdorogeriogomes.com.br\/noticias\/wp-content\/uploads\/2020\/08\/pandemia-768x512.jpg 768w, https:\/\/blogdorogeriogomes.com.br\/noticias\/wp-content\/uploads\/2020\/08\/pandemia-800x533.jpg 800w\" sizes=\"auto, (max-width: 984px) 100vw, 984px\" \/><\/figure>\n\n\n\n<p><\/p>\n","protected":false},"excerpt":{"rendered":"<p>Come\u00e7a a tramitar, nesta quinta-feira, dia 27 de agosto, na Assembleia Legislativa do Cear\u00e1, o projeto que regulamenta a distribui\u00e7\u00e3o dos recursos da Lei Aldir Blanc para o&nbsp;setor cultural. A medida possibilita a concess\u00e3o de aux\u00edlio emergencial de R$ 600 aos profissionais da cultura aut\u00f4nomos que n\u00e3o foram contemplados pelo aux\u00edlio emergencial geral e prev\u00ea outras a\u00e7\u00f5es. De acordo com a lei federal, o aux\u00edlio aos trabalhadores informais deve contemplar tr\u00eas parcelas de R$ 600. A medida foi sancionada&hellip;<\/p>\n","protected":false},"author":1,"featured_media":18076,"comment_status":"open","ping_status":"open","sticky":false,"template":"","format":"standard","meta":{"footnotes":""},"categories":[1],"tags":[],"class_list":["post-18075","post","type-post","status-publish","format-standard","has-post-thumbnail","hentry","category-noticias"],"_links":{"self":[{"href":"https:\/\/blogdorogeriogomes.com.br\/noticias\/wp-json\/wp\/v2\/posts\/18075","targetHints":{"allow":["GET"]}}],"collection":[{"href":"https:\/\/blogdorogeriogomes.com.br\/noticias\/wp-json\/wp\/v2\/posts"}],"about":[{"href":"https:\/\/blogdorogeriogomes.com.br\/noticias\/wp-json\/wp\/v2\/types\/post"}],"author":[{"embeddable":true,"href":"https:\/\/blogdorogeriogomes.com.br\/noticias\/wp-json\/wp\/v2\/users\/1"}],"replies":[{"embeddable":true,"href":"https:\/\/blogdorogeriogomes.com.br\/noticias\/wp-json\/wp\/v2\/comments?post=18075"}],"version-history":[{"count":2,"href":"https:\/\/blogdorogeriogomes.com.br\/noticias\/wp-json\/wp\/v2\/posts\/18075\/revisions"}],"predecessor-version":[{"id":18082,"href":"https:\/\/blogdorogeriogomes.com.br\/noticias\/wp-json\/wp\/v2\/posts\/18075\/revisions\/18082"}],"wp:featuredmedia":[{"embeddable":true,"href":"https:\/\/blogdorogeriogomes.com.br\/noticias\/wp-json\/wp\/v2\/media\/18076"}],"wp:attachment":[{"href":"https:\/\/blogdorogeriogomes.com.br\/noticias\/wp-json\/wp\/v2\/media?parent=18075"}],"wp:term":[{"taxonomy":"category","embeddable":true,"href":"https:\/\/blogdorogeriogomes.com.br\/noticias\/wp-json\/wp\/v2\/categories?post=18075"},{"taxonomy":"post_tag","embeddable":true,"href":"https:\/\/blogdorogeriogomes.com.br\/noticias\/wp-json\/wp\/v2\/tags?post=18075"}],"curies":[{"name":"wp","href":"https:\/\/api.w.org\/{rel}","templated":true}]}}