{"id":18083,"date":"2020-08-27T19:37:15","date_gmt":"2020-08-27T19:37:15","guid":{"rendered":"https:\/\/blogdorogeriogomes.com.br\/?p=18083"},"modified":"2020-08-28T13:49:29","modified_gmt":"2020-08-28T13:49:29","slug":"deputados-estaduais-que-vao-sair-candidatos-a-prefeito-em-novembro-ja-se-movimentam-na-assembleia-legislativa","status":"publish","type":"post","link":"https:\/\/blogdorogeriogomes.com.br\/noticias\/2020\/08\/deputados-estaduais-que-vao-sair-candidatos-a-prefeito-em-novembro-ja-se-movimentam-na-assembleia-legislativa\/","title":{"rendered":"Deputados estaduais que v\u00e3o sair candidatos a prefeito em novembro j\u00e1 se movimentam na Assembleia Legislativa"},"content":{"rendered":"\n<p>V\u00e1rios deputados estaduais j\u00e1 fazem movimenta\u00e7\u00f5es pol\u00edticas com o objetivo de sair candidatos a prefeito nas elei\u00e7\u00f5es de novembro. Alguns deles, inclusive, devem ser advers\u00e1rios em seus munic\u00edpios onde registraram domic\u00edlio eleitoral. Na disputa em Caucaia, na Regi\u00e3o Metropolitana de Fortaleza. Os deputados Vitor Valim (Pros) e Elmano de Freitas (PT), ambos na foto, devem medir for\u00e7as com o atual prefeito Naumi Amorim (PSD) que busca a reelei\u00e7\u00e3o no munic\u00edpio.<\/p>\n\n\n\n<p>Na regi\u00e3o Centro-Sul, o atual deputado estadual Marcos Sobreira (PDT) confirmou que ser\u00e1 candidato a prefeito em Iguatu. Ter\u00e1 pela frente o tamb\u00e9m parlamentar Agenor Neto (MDB). <\/p>\n\n\n\n<p>Outro deputado estadual que confirmou candidatura nas elei\u00e7\u00f5es municipais \u00e9 Nezinho Farias (PDT). Ele tentar\u00e1 se eleger Prefeito de Horizonte, na Regi\u00e3o Metropolitana de Fortaleza, pela quarta vez.<\/p>\n\n\n\n<figure class=\"wp-block-image size-large\"><img loading=\"lazy\" decoding=\"async\" width=\"978\" height=\"734\" src=\"https:\/\/blogdorogeriogomes.com.br\/wp-content\/uploads\/2020\/08\/Victor-Valim-e-Elmano-de-Freitas.jpeg\" alt=\"\" class=\"wp-image-18084\" srcset=\"https:\/\/blogdorogeriogomes.com.br\/noticias\/wp-content\/uploads\/2020\/08\/Victor-Valim-e-Elmano-de-Freitas.jpeg 978w, https:\/\/blogdorogeriogomes.com.br\/noticias\/wp-content\/uploads\/2020\/08\/Victor-Valim-e-Elmano-de-Freitas-300x225.jpeg 300w, https:\/\/blogdorogeriogomes.com.br\/noticias\/wp-content\/uploads\/2020\/08\/Victor-Valim-e-Elmano-de-Freitas-768x576.jpeg 768w, https:\/\/blogdorogeriogomes.com.br\/noticias\/wp-content\/uploads\/2020\/08\/Victor-Valim-e-Elmano-de-Freitas-800x600.jpeg 800w, https:\/\/blogdorogeriogomes.com.br\/noticias\/wp-content\/uploads\/2020\/08\/Victor-Valim-e-Elmano-de-Freitas-400x300.jpeg 400w\" sizes=\"auto, (max-width: 978px) 100vw, 978px\" \/><\/figure>\n","protected":false},"excerpt":{"rendered":"<p>V\u00e1rios deputados estaduais j\u00e1 fazem movimenta\u00e7\u00f5es pol\u00edticas com o objetivo de sair candidatos a prefeito nas elei\u00e7\u00f5es de novembro. Alguns deles, inclusive, devem ser advers\u00e1rios em seus munic\u00edpios onde registraram domic\u00edlio eleitoral. Na disputa em Caucaia, na Regi\u00e3o Metropolitana de Fortaleza. Os deputados Vitor Valim (Pros) e Elmano de Freitas (PT), ambos na foto, devem medir for\u00e7as com o atual prefeito Naumi Amorim (PSD) que busca a reelei\u00e7\u00e3o no munic\u00edpio. Na regi\u00e3o Centro-Sul, o atual deputado estadual Marcos Sobreira&hellip;<\/p>\n","protected":false},"author":1,"featured_media":18084,"comment_status":"open","ping_status":"open","sticky":false,"template":"","format":"standard","meta":{"footnotes":""},"categories":[1],"tags":[],"class_list":["post-18083","post","type-post","status-publish","format-standard","has-post-thumbnail","hentry","category-noticias"],"_links":{"self":[{"href":"https:\/\/blogdorogeriogomes.com.br\/noticias\/wp-json\/wp\/v2\/posts\/18083","targetHints":{"allow":["GET"]}}],"collection":[{"href":"https:\/\/blogdorogeriogomes.com.br\/noticias\/wp-json\/wp\/v2\/posts"}],"about":[{"href":"https:\/\/blogdorogeriogomes.com.br\/noticias\/wp-json\/wp\/v2\/types\/post"}],"author":[{"embeddable":true,"href":"https:\/\/blogdorogeriogomes.com.br\/noticias\/wp-json\/wp\/v2\/users\/1"}],"replies":[{"embeddable":true,"href":"https:\/\/blogdorogeriogomes.com.br\/noticias\/wp-json\/wp\/v2\/comments?post=18083"}],"version-history":[{"count":1,"href":"https:\/\/blogdorogeriogomes.com.br\/noticias\/wp-json\/wp\/v2\/posts\/18083\/revisions"}],"predecessor-version":[{"id":18085,"href":"https:\/\/blogdorogeriogomes.com.br\/noticias\/wp-json\/wp\/v2\/posts\/18083\/revisions\/18085"}],"wp:featuredmedia":[{"embeddable":true,"href":"https:\/\/blogdorogeriogomes.com.br\/noticias\/wp-json\/wp\/v2\/media\/18084"}],"wp:attachment":[{"href":"https:\/\/blogdorogeriogomes.com.br\/noticias\/wp-json\/wp\/v2\/media?parent=18083"}],"wp:term":[{"taxonomy":"category","embeddable":true,"href":"https:\/\/blogdorogeriogomes.com.br\/noticias\/wp-json\/wp\/v2\/categories?post=18083"},{"taxonomy":"post_tag","embeddable":true,"href":"https:\/\/blogdorogeriogomes.com.br\/noticias\/wp-json\/wp\/v2\/tags?post=18083"}],"curies":[{"name":"wp","href":"https:\/\/api.w.org\/{rel}","templated":true}]}}